{"id":26745,"date":"2023-09-19T16:03:10","date_gmt":"2023-09-19T16:03:10","guid":{"rendered":"https:\/\/eurocasas.com\/?p=26745"},"modified":"2023-10-02T12:21:47","modified_gmt":"2023-10-02T12:21:47","slug":"25-anos-sector-construccion-modular-evento-conmemorativo","status":"publish","type":"post","link":"https:\/\/eurocasas.com\/en\/25-anos-sector-construccion-modular-evento-conmemorativo\/","title":{"rendered":"Celebramos los 25 a\u00f1os de GRUPO EUROCASA en el sector de la construcci\u00f3n modular."},"content":{"rendered":"<h1 style=\"text-align: center;\">Celebramos los 25 a\u00f1os de GRUPO EUROCASA en el sector de la construcci\u00f3n modular.<\/h1>\r\n<p>&nbsp;<\/p>\r\n<p>El pasado s\u00e1bado 16 de septiembre, <strong>celebramos nuestras bodas de plata en un evento al que asistieron m\u00e1s de 350 personas<\/strong>, entre ellas autoridades encabezadas por el vicealcalde burgal\u00e9s Francisco Mart\u00ednez-Acitores, medios relevantes del sector y asociaciones como FAE Burgos o AEPV, clientes, trabajadores, proveedores y distribuidores de la marca y los productos EUROCASA.<\/p>\r\n<p><img decoding=\"async\" class=\"wp-image-26746 aligncenter\" src=\"https:\/\/eurocasas.com\/wp-content\/uploads\/2023\/09\/evento-general-300x211.jpg\" alt=\"\" width=\"481\" height=\"338\" srcset=\"https:\/\/eurocasas.com\/wp-content\/uploads\/2023\/09\/evento-general-300x211.jpg 300w, https:\/\/eurocasas.com\/wp-content\/uploads\/2023\/09\/evento-general-1024x722.jpg 1024w, https:\/\/eurocasas.com\/wp-content\/uploads\/2023\/09\/evento-general-768x541.jpg 768w, https:\/\/eurocasas.com\/wp-content\/uploads\/2023\/09\/evento-general-24x17.jpg 24w, https:\/\/eurocasas.com\/wp-content\/uploads\/2023\/09\/evento-general-36x25.jpg 36w, https:\/\/eurocasas.com\/wp-content\/uploads\/2023\/09\/evento-general-48x34.jpg 48w, https:\/\/eurocasas.com\/wp-content\/uploads\/2023\/09\/evento-general.jpg 1500w\" sizes=\"(max-width: 481px) 100vw, 481px\" \/><\/p>\r\n<p>Se sucedieron <strong>varias ponencias impartidas por nuestro director general, Jos\u00e9 Ram\u00f3n Santamar\u00eda, los responsables comerciales Sonia Angulo y Rafael Fern\u00e1ndez y el responsable comercial en Francia Jean-Michel Platrier<\/strong>.<\/p>\r\n<p>Jos\u00e9 Ram\u00f3n Santamar\u00eda destac\u00f3 que, en esta larga trayectoria, nuestras construcciones est\u00e1n ya presentes en m\u00e1s de 1.000 campings y resorts vacacionales tanto nacionales como internacionales.<\/p>\r\n<p><img decoding=\"async\" class=\"wp-image-26747 aligncenter\" src=\"https:\/\/eurocasas.com\/wp-content\/uploads\/2023\/09\/jose-ramon-300x211.jpg\" alt=\"\" width=\"490\" height=\"345\" srcset=\"https:\/\/eurocasas.com\/wp-content\/uploads\/2023\/09\/jose-ramon-300x211.jpg 300w, https:\/\/eurocasas.com\/wp-content\/uploads\/2023\/09\/jose-ramon-1024x722.jpg 1024w, https:\/\/eurocasas.com\/wp-content\/uploads\/2023\/09\/jose-ramon-768x541.jpg 768w, https:\/\/eurocasas.com\/wp-content\/uploads\/2023\/09\/jose-ramon-24x17.jpg 24w, https:\/\/eurocasas.com\/wp-content\/uploads\/2023\/09\/jose-ramon-36x25.jpg 36w, https:\/\/eurocasas.com\/wp-content\/uploads\/2023\/09\/jose-ramon-48x34.jpg 48w, https:\/\/eurocasas.com\/wp-content\/uploads\/2023\/09\/jose-ramon.jpg 1500w\" sizes=\"(max-width: 490px) 100vw, 490px\" \/><\/p>\r\n<p>Tambi\u00e9n habl\u00f3 de la consolidaci\u00f3n en Espa\u00f1a y Portugal, y de la expansi\u00f3n que estamos llevando a cabo en Francia y Suiza con la apertura reciente de una nueva sede comercial en Lezignan.<\/p>\r\n<p>Contando con m\u00e1s de 10.000 casas fabricadas, numerosos son los clientes que han decidido apostar por nuestras construcciones modulares fijas y m\u00f3viles (bungalows y mobil homes) \u00fanicos, con una alta personalizaci\u00f3n.<\/p>\r\n<p>&nbsp;<\/p>\r\n<h2><strong>Un repaso por la trayectoria del grupo, innovaci\u00f3n tecnol\u00f3gica para ofrecer la m\u00e1xima calidad y una alta eficiencia energ\u00e9tica en sus construcciones.<\/strong><\/h2>\r\n<p>En el acto, Sonia Angulo tambi\u00e9n destac\u00f3 que nuestras casas buscan la m\u00e1xima calidad, ahorro energ\u00e9tico y eficiencia para ofrecer un alto confort.<\/p>\r\n<p style=\"text-align: left;\">Jean Michel Platrier present\u00f3 las <strong>\u00faltimas tendencias y novedades en Nidify 2024<\/strong>, la gama de mobil homes que hemos desarrollado exclusivamente para profesionales del camping. Os dejamos un v\u00eddeo que explica muy bien el producto y sus ventajas.<\/p>\r\n<p>&nbsp;<\/p>\r\n<p><iframe title=\"V\u00eddeo producto Nidify espa\u00f1ol\" width=\"640\" height=\"360\" src=\"https:\/\/www.youtube.com\/embed\/di1Rfv5kV2A?feature=oembed\" frameborder=\"0\" allow=\"accelerometer; autoplay; clipboard-write; encrypted-media; gyroscope; picture-in-picture; web-share\" allowfullscreen><\/iframe><\/p>\r\n<p style=\"text-align: left;\">Rafael Fern\u00e1ndez por su parte habl\u00f3 de la expansi\u00f3n internacional del grupo y los proyectos llevados a cabo en \u00c1frica.<\/p>\r\n<p style=\"text-align: left;\"><strong>El acto finaliz\u00f3 con la entrega de premios<\/strong> de un lingote de plata de 1 kg. a los empleados y distribuidores que llevan 25 a\u00f1os trabajando con GRUPO EUROCASA.<\/p>\r\n<p style=\"text-align: left;\">La celebraci\u00f3n fue todo un \u00e9xito teniendo muy buena acogida por parte de los asistentes que pudieron conocer de primera mano los nuevos productos y servicios ofrecidos, as\u00ed como fortalecer sus v\u00ednculos e intercambiar opiniones en un c\u00f3ctel de despedida.<\/p>\r\n<p style=\"text-align: left;\"><strong>Os dejamos un v\u00eddeo resumen del evento<\/strong> para que pod\u00e1is hacer un repaso por ese d\u00eda tan especial para todo el quipo de GRUPO EUROCASA. \ud83e\udd70<\/p>\r\n<p>&nbsp;<\/p>\r\n<p>&nbsp;<\/p>\r\n<p style=\"text-align: center;\">\u00a0<\/p>\r\n\r\n<figure class=\"wp-block-embed is-type-video is-provider-youtube wp-block-embed-youtube wp-embed-aspect-16-9 wp-has-aspect-ratio\"><iframe title=\"YouTube video player\" src=\"https:\/\/www.youtube.com\/embed\/6DojNDrfiS8?si=su3gJTKr3v7azTG-\" width=\"560\" height=\"315\" frameborder=\"0\" allowfullscreen=\"allowfullscreen\"><\/iframe>\r\n<figcaption style=\"text-align: center;\">V\u00eddeo resumen evento 25 a\u00f1os cumpliendo sue\u00f1os GRUPO EUROCASA<\/figcaption>\r\n<\/figure>\r\n<p>&nbsp;<\/p>","protected":false},"excerpt":{"rendered":"<p>Descubre todos los detalles del evento conmemorativo que tuvo lugar para conmemorar nuestros 25 a\u00f1os a la cabeza del sector de la construcci\u00f3n modular. \ud83d\ude09 <\/p>","protected":false},"author":60,"featured_media":26746,"comment_status":"closed","ping_status":"open","sticky":false,"template":"","format":"standard","meta":{"footnotes":""},"categories":[306],"tags":[],"post_folder":[],"_links":{"self":[{"href":"https:\/\/eurocasas.com\/en\/wp-json\/wp\/v2\/posts\/26745"}],"collection":[{"href":"https:\/\/eurocasas.com\/en\/wp-json\/wp\/v2\/posts"}],"about":[{"href":"https:\/\/eurocasas.com\/en\/wp-json\/wp\/v2\/types\/post"}],"author":[{"embeddable":true,"href":"https:\/\/eurocasas.com\/en\/wp-json\/wp\/v2\/users\/60"}],"replies":[{"embeddable":true,"href":"https:\/\/eurocasas.com\/en\/wp-json\/wp\/v2\/comments?post=26745"}],"version-history":[{"count":0,"href":"https:\/\/eurocasas.com\/en\/wp-json\/wp\/v2\/posts\/26745\/revisions"}],"wp:featuredmedia":[{"embeddable":true,"href":"https:\/\/eurocasas.com\/en\/wp-json\/wp\/v2\/media\/26746"}],"wp:attachment":[{"href":"https:\/\/eurocasas.com\/en\/wp-json\/wp\/v2\/media?parent=26745"}],"wp:term":[{"taxonomy":"category","embeddable":true,"href":"https:\/\/eurocasas.com\/en\/wp-json\/wp\/v2\/categories?post=26745"},{"taxonomy":"post_tag","embeddable":true,"href":"https:\/\/eurocasas.com\/en\/wp-json\/wp\/v2\/tags?post=26745"},{"taxonomy":"post_folder","embeddable":true,"href":"https:\/\/eurocasas.com\/en\/wp-json\/wp\/v2\/post_folder?post=26745"}],"curies":[{"name":"wp","href":"https:\/\/api.w.org\/{rel}","templated":true}]}}