{"id":32418,"date":"2024-04-17T16:18:54","date_gmt":"2024-04-17T16:18:54","guid":{"rendered":"https:\/\/eurocasas.com\/?p=32418"},"modified":"2024-04-18T08:54:34","modified_gmt":"2024-04-18T08:54:34","slug":"clientes-paco-y-ana","status":"publish","type":"post","link":"https:\/\/eurocasas.com\/en\/clientes-paco-y-ana\/","title":{"rendered":"Clientes Grupo Eurocasa: la experiencia de Paco y Ana."},"content":{"rendered":"<h1><strong>Clientes Grupo Eurocasa: la experiencia de Paco y Ana.\u00a0<\/strong><\/h1>\n<p>Durante 5 a\u00f1os, Paco y Ana llevan disfrutando de la comodidad y el dise\u00f1o excepcional de su <strong>casa a medida, pues la utilizan como primera residencia y viven en ella todo el a\u00f1o<\/strong>. Hoy, est\u00e1n listos para compartir con nosotros todos los detalles que hacen de su hogar un lugar especial.<\/p>\n<p>Te contamos toda la historia al detalle. \u00a1Sigue leyendo!\u00a0\ud83d\ude09<\/p>\n<p>&nbsp;<\/p>\n<h2><strong>Ubicaci\u00f3n del proyecto.<\/strong><\/h2>\n<p>La<strong> casa prefabricada de Paco y Ana se encuentra en Castilla y Le\u00f3n, en concreto en la provincia de Burgos<\/strong>.<\/p>\n<p>Desde el principio Paco y Ana ten\u00edan claro lo que buscaban, una <strong>casa prefabricada para vivir todo el a\u00f1o como primera residencia, con todas las comodidades<\/strong>.<\/p>\n<p>El lugar donde se ubica la casa es un pueblo de Burgos, Paco destaca la tranquilidad que les proporciona el vivir en ese entorno que tanto les gusta vivir, disfrutar y compartir con la familia y amigos de su casa en una zona que les encanta por el gran encanto que tiene la zona de la Ribera del Duero.<\/p>\n<figure id=\"attachment_32419\" aria-describedby=\"caption-attachment-32419\" style=\"width: 1024px\" class=\"wp-caption alignnone\"><img decoding=\"async\" class=\"wp-image-32419 size-large\" src=\"https:\/\/eurocasas.com\/wp-content\/uploads\/2024\/04\/caso_exito_prefabricada_1-1024x576.jpg\" alt=\"Imagen de la casa prefabricada en la Ribera del Duero de Paco y Ana\" width=\"1024\" height=\"576\" srcset=\"https:\/\/eurocasas.com\/wp-content\/uploads\/2024\/04\/caso_exito_prefabricada_1-1024x576.jpg 1024w, https:\/\/eurocasas.com\/wp-content\/uploads\/2024\/04\/caso_exito_prefabricada_1-300x169.jpg 300w, https:\/\/eurocasas.com\/wp-content\/uploads\/2024\/04\/caso_exito_prefabricada_1-768x432.jpg 768w, https:\/\/eurocasas.com\/wp-content\/uploads\/2024\/04\/caso_exito_prefabricada_1-1536x864.jpg 1536w, https:\/\/eurocasas.com\/wp-content\/uploads\/2024\/04\/caso_exito_prefabricada_1.jpg 1920w\" sizes=\"(max-width: 1024px) 100vw, 1024px\" \/><figcaption id=\"caption-attachment-32419\" class=\"wp-caption-text\">Imagen de la casa prefabricada en la Ribera del Duero de Paco y Ana<\/figcaption><\/figure>\n<p>&nbsp;<\/p>\n<p><strong>\u00a0<\/strong><\/p>\n<h2><strong>Modelo de casa modular escogida.<\/strong><\/h2>\n<p>En este caso, como Paco y Ana buscaban una casa con un alto aislamiento ya que la iban a instalar en un pueblo de Burgos y en invierno hace bastante fr\u00edo, les recomendamos el <strong>acabado Gran Villa por su gran aislante t\u00e9rmico y por la calidad<\/strong> y ahorro energ\u00e9tico contando con una calificaci\u00f3n energ\u00e9tica de tipo A.<\/p>\n<p>Adem\u00e1s, este tipo de casas prefabricadas <strong>cumplen con el c\u00f3digo t\u00e9cnico de la edificaci\u00f3n (CTE)<\/strong>, por lo que se pueden instalar en terrenos urbanos.<\/p>\n<p>&nbsp;<\/p>\n<h2><strong>Desarrollo del proyecto.<\/strong><\/h2>\n<p>Paco y Ana solicitaron cita previa para acudir a ver nuestra exposici\u00f3n ya que un d\u00eda Ana estaba en Valladolid por trabajo y vio en un programa de televisi\u00f3n la f\u00e1brica de Eurocasa donde ense\u00f1aban las casas prefabricadas y le pareci\u00f3 muy interesante.<\/p>\n<p>Al final Paco y Ana <strong>se decantaron por una casa prefabricada de Eurocasa en vez de una de construcci\u00f3n tradicional por las ventajas que ofrece. <\/strong>Paco nos destaca algunas de las principales, como: contar con un precio cerrado desde el principio, el gran aislamiento de las casas durante todo el a\u00f1o, despreocuparse de estar pendiente de los alba\u00f1iles, su f\u00e1cil mantenimiento, su f\u00e1cil limpieza\u2026 Y por supuesto el servicio posventa.<\/p>\n<p>Finalmente, <strong>la casa de Paco y Ana cuenta con dos m\u00f3dulos, uno con porche y un sal\u00f3n-cocina y otro en el que se encuentran las 2 habitaciones y el ba\u00f1o. Tambi\u00e9n cuenta con un garaje.<\/strong><\/p>\n<p>Lo que m\u00e1s destaca Ana de todo el proceso de venta es el poder dise\u00f1ar la distribuci\u00f3n de la casa con la ubicaci\u00f3n de las ventanas y puertas de acceso a toda ella.<\/p>\n<p>&nbsp;<\/p>\n<h2><strong>Retos conseguidos.<\/strong><\/h2>\n<p>En este proyecto nos enfrentamos a varios retos para que la casa estuviese tal y como Paco y Ana la hab\u00edan imaginado:<\/p>\n<ul>\n<li><strong>Un dormitorio con cama de matrimonio y otro para invitados con un estudio <\/strong>el cual ha sido durante mucho tiempo su lugar de trabajo.<\/li>\n<li><strong>Sal\u00f3n-cocina di\u00e1fano <\/strong>para poder compartirlo con los amigos y una mayor amplitud.<\/li>\n<li>Cuarto de<strong> ba\u00f1o amplio.<\/strong><\/li>\n<li><strong>Una despensa con salida al garaje.<\/strong><\/li>\n<\/ul>\n<p><img decoding=\"async\" class=\"alignnone wp-image-32420 size-large\" src=\"https:\/\/eurocasas.com\/wp-content\/uploads\/2024\/04\/caso_exito_prefabricada_2-1024x576.jpg\" alt=\"\" width=\"1024\" height=\"576\" \/><\/p>\n<figure id=\"attachment_32421\" aria-describedby=\"caption-attachment-32421\" style=\"width: 1024px\" class=\"wp-caption alignnone\"><img decoding=\"async\" class=\"wp-image-32421 size-large\" src=\"https:\/\/eurocasas.com\/wp-content\/uploads\/2024\/04\/caso_exito_prefabricada_3-1024x576.jpg\" alt=\"Interior de la casa prefabricada de Eurocasa de la Ribera del Duero\" width=\"1024\" height=\"576\" srcset=\"https:\/\/eurocasas.com\/wp-content\/uploads\/2024\/04\/caso_exito_prefabricada_3-1024x576.jpg 1024w, https:\/\/eurocasas.com\/wp-content\/uploads\/2024\/04\/caso_exito_prefabricada_3-300x169.jpg 300w, https:\/\/eurocasas.com\/wp-content\/uploads\/2024\/04\/caso_exito_prefabricada_3-768x432.jpg 768w, https:\/\/eurocasas.com\/wp-content\/uploads\/2024\/04\/caso_exito_prefabricada_3-1536x864.jpg 1536w, https:\/\/eurocasas.com\/wp-content\/uploads\/2024\/04\/caso_exito_prefabricada_3.jpg 1920w\" sizes=\"(max-width: 1024px) 100vw, 1024px\" \/><figcaption id=\"caption-attachment-32421\" class=\"wp-caption-text\">Interior de la casa prefabricada de Paco y Ana<\/figcaption><\/figure>\n<h2><strong>V\u00eddeo de Paco y Ana donde nos ense\u00f1an su casa.<\/strong><\/h2>\n<p>En este v\u00eddeo, Paco y Ana comparten su casa y su experiencia con nosotros. \u00a1No te lo pierdas porque merece la pena!<\/p>\n<p><iframe title=\"Clientes de Eurocasa: Paco y Ana nos cuentan su experiencia\" width=\"640\" height=\"360\" src=\"https:\/\/www.youtube.com\/embed\/TUbsBVrCx2A?feature=oembed\" frameborder=\"0\" allow=\"accelerometer; autoplay; clipboard-write; encrypted-media; gyroscope; picture-in-picture; web-share\" referrerpolicy=\"strict-origin-when-cross-origin\" allowfullscreen><\/iframe><\/p>\n<p>&nbsp;<\/p>\n<p style=\"text-align: left;\">Para ver m\u00e1s opiniones sobre Eurocasa te dejamos un link a nuestra <a href=\"https:\/\/eurocasas.com\/en\/opiniones-eurocasa\/\">p\u00e1gina de opiniones<\/a> donde podr\u00e1s encontrar m\u00e1s casos de \u00e9xito de nuestros clientes.<\/p>\n<p>Y para obtener m\u00e1s informaci\u00f3n o cualquier duda sobre casas prefabricadas nuestro equipo comercial estar\u00e1 encantado de atenderte.<\/p>\n<p>\ud83d\udcf2 Wasapeanos: 629 71 37 94<br \/>\n\ud83d\udcde Ll\u00e1manos: 947 47 30 74<br \/>\n\ud83d\udce7 Escr\u00edbenos: contacto@eurocasas.com<br \/>\n\ud83c\udf10 Vis\u00edta nuestra web: <a href=\"https:\/\/eurocasas.com\/en\/\">www.eurocasas.com<\/a><br \/>\n\ud83d\ude09 Ven a visitarnos, tenemos la <a href=\"https:\/\/eurocasas.com\/en\/exposicion-casas-prefabricadas-mas-grande-espana\/\">exposici\u00f3n de casas prefabricadas<\/a> m\u00e1s grande de Espa\u00f1a: C. Merindad de Sotoscueva, 8, 09001, Burgos.<\/p>","protected":false},"excerpt":{"rendered":"<p>Paco y Ana llevan m\u00e1s de 5 a\u00f1os disfrutando de su casa a medida. Te contamos toda la historia al detalle. \u00a1Sigue leyendo!\u00a0\ud83d\ude0a<\/p>","protected":false},"author":60,"featured_media":32419,"comment_status":"closed","ping_status":"open","sticky":false,"template":"","format":"image","meta":{"footnotes":""},"categories":[310,309],"tags":[],"post_folder":[],"_links":{"self":[{"href":"https:\/\/eurocasas.com\/en\/wp-json\/wp\/v2\/posts\/32418"}],"collection":[{"href":"https:\/\/eurocasas.com\/en\/wp-json\/wp\/v2\/posts"}],"about":[{"href":"https:\/\/eurocasas.com\/en\/wp-json\/wp\/v2\/types\/post"}],"author":[{"embeddable":true,"href":"https:\/\/eurocasas.com\/en\/wp-json\/wp\/v2\/users\/60"}],"replies":[{"embeddable":true,"href":"https:\/\/eurocasas.com\/en\/wp-json\/wp\/v2\/comments?post=32418"}],"version-history":[{"count":0,"href":"https:\/\/eurocasas.com\/en\/wp-json\/wp\/v2\/posts\/32418\/revisions"}],"wp:featuredmedia":[{"embeddable":true,"href":"https:\/\/eurocasas.com\/en\/wp-json\/wp\/v2\/media\/32419"}],"wp:attachment":[{"href":"https:\/\/eurocasas.com\/en\/wp-json\/wp\/v2\/media?parent=32418"}],"wp:term":[{"taxonomy":"category","embeddable":true,"href":"https:\/\/eurocasas.com\/en\/wp-json\/wp\/v2\/categories?post=32418"},{"taxonomy":"post_tag","embeddable":true,"href":"https:\/\/eurocasas.com\/en\/wp-json\/wp\/v2\/tags?post=32418"},{"taxonomy":"post_folder","embeddable":true,"href":"https:\/\/eurocasas.com\/en\/wp-json\/wp\/v2\/post_folder?post=32418"}],"curies":[{"name":"wp","href":"https:\/\/api.w.org\/{rel}","templated":true}]}}