{"id":33724,"date":"2024-05-28T08:35:03","date_gmt":"2024-05-28T08:35:03","guid":{"rendered":"https:\/\/eurocasas.com\/?p=33724"},"modified":"2025-08-12T07:15:25","modified_gmt":"2025-08-12T07:15:25","slug":"casa-prefabricada-alva","status":"publish","type":"post","link":"https:\/\/eurocasas.com\/en\/casa-prefabricada-alva\/","title":{"rendered":"Clientes Grupo Eurocasa, Ainhoa: casa prefabricada en \u00c1lava"},"content":{"rendered":"<h1><strong>Clientes Grupo Eurocasa, Ainhoa: casa prefabricada en \u00c1lava.\u00a0<\/strong><\/h1>\n<p>Ainhoa lleva disfrutando de su casa prefabricada en \u00c1lava durante mucho tiempo. Hoy nos cuenta su experiencia en este post, desde el dise\u00f1o hasta la instalaci\u00f3n de la misma.<\/p>\n<p>Te contamos toda la historia al detalle. \u00a1Sigue leyendo!\u00a0\ud83d\ude09<\/p>\n<p>&nbsp;<\/p>\n<h2><strong>Ubicaci\u00f3n del proyecto.<\/strong><\/h2>\n<p>La<strong> casa prefabricada de Ainhoa se encuentra en el Pa\u00eds Vasco, concretamente en un pueblo de la monta\u00f1a Alavesa.<\/strong><\/p>\n<p>En todo momento, Ainhoa ten\u00eda decidido que quer\u00eda una casa no muy grande para instalarla en la parcela que ten\u00eda su madre en el pueblo.<\/p>\n<p><img decoding=\"async\" class=\"alignnone wp-image-33732 size-large\" src=\"https:\/\/eurocasas.com\/wp-content\/uploads\/2024\/05\/granvilla_especial_penacerrada_10-1024x540.jpg\" alt=\"\" width=\"1024\" height=\"540\" srcset=\"https:\/\/eurocasas.com\/wp-content\/uploads\/2024\/05\/granvilla_especial_penacerrada_10-1024x540.jpg 1024w, https:\/\/eurocasas.com\/wp-content\/uploads\/2024\/05\/granvilla_especial_penacerrada_10-300x158.jpg 300w, https:\/\/eurocasas.com\/wp-content\/uploads\/2024\/05\/granvilla_especial_penacerrada_10-768x405.jpg 768w, https:\/\/eurocasas.com\/wp-content\/uploads\/2024\/05\/granvilla_especial_penacerrada_10-1536x810.jpg 1536w, https:\/\/eurocasas.com\/wp-content\/uploads\/2024\/05\/granvilla_especial_penacerrada_10-2048x1080.jpg 2048w\" sizes=\"(max-width: 1024px) 100vw, 1024px\" \/><\/p>\n<p><strong>\u00a0<\/strong><\/p>\n<h2><strong>Modelo de casa prefabricada escogida.<\/strong><\/h2>\n<p>Ainhoa <strong>buscaba una casa para tenerla como segunda residencia en su pueblo<\/strong>, que le brindase todas las comodidades. Debido a las necesidades que nos transmiti\u00f3 ya que el terreno donde quer\u00eda instalarla era <strong>terreno urbano, le recomendamos el <a href=\"https:\/\/eurocasas.com\/en\/vivienda-prefabricada-gran-villa\/\">acabado Gran Villa<\/a><\/strong>. Este acabado ofrece un gran aislamiento ofreciendo la mejor clasificaci\u00f3n energ\u00e9tica (tipo A). Adem\u00e1s, puede ser instalada en terrenos urbanos, ya que cumple con el C\u00f3digo T\u00e9cnico de la Edificaci\u00f3n (CTE).<\/p>\n<p>Este modelo ofrece un dise\u00f1o vanguardista encajando a la perfecci\u00f3n con el gusto de Ainhoa, ya que ella quer\u00eda que su casa tendr\u00eda un estilo moderno y actual.<\/p>\n<p>&nbsp;<\/p>\n<h2><strong>Desarrollo del proyecto.<\/strong><\/h2>\n<p>Ainhoa en la pandemia pens\u00f3 en aprovechar un peque\u00f1o terreno que ten\u00eda su madre en el pueblo instalando una vivienda para veranear y aprovecharlo como segunda residencia.<\/p>\n<p>Un d\u00eda <strong>se meti\u00f3 en nuestra web <a href=\"https:\/\/eurocasas.com\/en\/\">www.eurocasas.com<\/a><\/strong> y empez\u00f3 a investigar sobre los diferentes modelos de casas prefabricadas que ofrec\u00edamos para posteriormente <strong>comenzar a configurar los que m\u00e1s le llamaban la atenci\u00f3n y que cumpl\u00edan sus necesidades<\/strong>.<\/p>\n<p>Cuando se decidi\u00f3 por adquirir una casa prefabricada pregunt\u00f3 a varias empresas v\u00eda e-mail y por tel\u00e9fono presupuestos de diferentes modelos de casas modulares.<\/p>\n<p>Muchas de estas empresas no la ofrecieron ning\u00fan presupuesto, pero cuando contacto con nosotros, desde el primer momento una de nuestras comerciales la pregunt\u00f3 sus necesidades para poderla hacer un presupuesto bas\u00e1ndose en lo que ella quer\u00eda. A partir de este presupuesto, fueron trabajando sobre \u00e9l <strong>hasta obtener la propuesta final, la casa de sus sue\u00f1os<\/strong>.<\/p>\n<p>Nuestro arquitecto Blas la hizo su casa a medida, dise\u00f1ada en base a sus gustos y necesidades. Adem\u00e1s, <strong>Blas como sab\u00eda que pod\u00eda teletrabajar desde casa, se le ocurri\u00f3 la idea de ponerla un escritorio plegable en su habitaci\u00f3n para que lo pueda utilizar de oficina<\/strong> y no la ocupe casi espacio cuando no lo necesite.<\/p>\n<p>Lo que m\u00e1s destaca Ainhoa, que fue lo que m\u00e1s la gust\u00f3 de todo el proceso de compra, fue el d\u00eda de la entrega cuando pudo seguir el trayecto todo el rato de su casa desde su tel\u00e9fono m\u00f3vil y el verla llegar al terreno. Todo el pueblo estuvo pendiente de la instalaci\u00f3n de la casa, contempl\u00e1ndolo desde el mirador del pueblo.<\/p>\n<p>Actualmente, Ainhoa est\u00e1 tan contenta y tan a gusto con su casa prefabricada que solo realizar\u00eda una mudanza si encuentra una parcela bonita, m\u00e1s grande que la suya y volver\u00eda a hacerse otra vivienda prefabricada a su gusto, por supuesto, con Eurocasa.<\/p>\n<p><img decoding=\"async\" class=\"alignnone wp-image-33729 size-large\" src=\"https:\/\/eurocasas.com\/wp-content\/uploads\/2024\/05\/granvilla_especial_penacerrada_60-1024x576.jpg\" alt=\"\" width=\"1024\" height=\"576\" srcset=\"https:\/\/eurocasas.com\/wp-content\/uploads\/2024\/05\/granvilla_especial_penacerrada_60-1024x576.jpg 1024w, https:\/\/eurocasas.com\/wp-content\/uploads\/2024\/05\/granvilla_especial_penacerrada_60-300x169.jpg 300w, https:\/\/eurocasas.com\/wp-content\/uploads\/2024\/05\/granvilla_especial_penacerrada_60-768x432.jpg 768w, https:\/\/eurocasas.com\/wp-content\/uploads\/2024\/05\/granvilla_especial_penacerrada_60-1536x864.jpg 1536w, https:\/\/eurocasas.com\/wp-content\/uploads\/2024\/05\/granvilla_especial_penacerrada_60.jpg 1920w\" sizes=\"(max-width: 1024px) 100vw, 1024px\" \/><\/p>\n<p>&nbsp;<\/p>\n<p><img decoding=\"async\" class=\"alignnone wp-image-33728 size-large\" src=\"https:\/\/eurocasas.com\/wp-content\/uploads\/2024\/05\/gran-villa_espcial_penacerrada_20-1024x576.jpg\" alt=\"\" width=\"1024\" height=\"576\" srcset=\"https:\/\/eurocasas.com\/wp-content\/uploads\/2024\/05\/gran-villa_espcial_penacerrada_20-1024x576.jpg 1024w, https:\/\/eurocasas.com\/wp-content\/uploads\/2024\/05\/gran-villa_espcial_penacerrada_20-300x169.jpg 300w, https:\/\/eurocasas.com\/wp-content\/uploads\/2024\/05\/gran-villa_espcial_penacerrada_20-768x432.jpg 768w, https:\/\/eurocasas.com\/wp-content\/uploads\/2024\/05\/gran-villa_espcial_penacerrada_20-1536x864.jpg 1536w, https:\/\/eurocasas.com\/wp-content\/uploads\/2024\/05\/gran-villa_espcial_penacerrada_20.jpg 1920w\" sizes=\"(max-width: 1024px) 100vw, 1024px\" \/><\/p>\n<p>&nbsp;<\/p>\n<p><img decoding=\"async\" class=\"alignnone wp-image-33730 size-large\" src=\"https:\/\/eurocasas.com\/wp-content\/uploads\/2024\/05\/granvilla_especial_penacerrada_62-1024x576.jpg\" alt=\"\" width=\"1024\" height=\"576\" srcset=\"https:\/\/eurocasas.com\/wp-content\/uploads\/2024\/05\/granvilla_especial_penacerrada_62-1024x576.jpg 1024w, https:\/\/eurocasas.com\/wp-content\/uploads\/2024\/05\/granvilla_especial_penacerrada_62-300x169.jpg 300w, https:\/\/eurocasas.com\/wp-content\/uploads\/2024\/05\/granvilla_especial_penacerrada_62-768x432.jpg 768w, https:\/\/eurocasas.com\/wp-content\/uploads\/2024\/05\/granvilla_especial_penacerrada_62-1536x864.jpg 1536w, https:\/\/eurocasas.com\/wp-content\/uploads\/2024\/05\/granvilla_especial_penacerrada_62.jpg 1920w\" sizes=\"(max-width: 1024px) 100vw, 1024px\" \/><\/p>\n<p>&nbsp;<\/p>\n<h2><strong>Retos conseguidos.<\/strong><\/h2>\n<p>En este proyecto nos enfrentamos a varios retos para que la casa estuviese tal y como Ainhoa la hab\u00eda imaginado:<\/p>\n<ul>\n<li><strong>Una casa no muy grande, para que la pueda instalar en el terreno de su madre del pueblo.\u00a0 <\/strong><\/li>\n<li><strong>Dise\u00f1o moderno.<\/strong><\/li>\n<li><strong>Un porche en el exterior.<\/strong><\/li>\n<li><strong>Oficina con mesa plegable en la habitaci\u00f3n<\/strong> para poder utilizarlo como oficina.<\/li>\n<\/ul>\n<p><img decoding=\"async\" class=\"alignnone wp-image-33731 size-large\" src=\"https:\/\/eurocasas.com\/wp-content\/uploads\/2024\/05\/granvilla_especial_penacerrada_111-1024x576.jpg\" alt=\"\" width=\"1024\" height=\"576\" srcset=\"https:\/\/eurocasas.com\/wp-content\/uploads\/2024\/05\/granvilla_especial_penacerrada_111-1024x576.jpg 1024w, https:\/\/eurocasas.com\/wp-content\/uploads\/2024\/05\/granvilla_especial_penacerrada_111-300x169.jpg 300w, https:\/\/eurocasas.com\/wp-content\/uploads\/2024\/05\/granvilla_especial_penacerrada_111-768x432.jpg 768w, https:\/\/eurocasas.com\/wp-content\/uploads\/2024\/05\/granvilla_especial_penacerrada_111-1536x864.jpg 1536w, https:\/\/eurocasas.com\/wp-content\/uploads\/2024\/05\/granvilla_especial_penacerrada_111.jpg 1920w\" sizes=\"(max-width: 1024px) 100vw, 1024px\" \/><\/p>\n<h2><strong>V\u00eddeo de Ainhoa donde nos ense\u00f1a su casa.<\/strong><\/h2>\n<p>En este v\u00eddeo, Ainhoa nos muestra su casa y nos cuenta su experiencia en todo momento, desde que se decidi\u00f3 por adquirir una casa prefabricada hasta que ha podido disfrutar de ella.<\/p>\n<p><iframe title=\"Clientes de Eurocasa: Ainhoa nos explica la experiencia de su casa en \u00c1lava.\" width=\"640\" height=\"360\" src=\"https:\/\/www.youtube.com\/embed\/gfDjXk-UpUY?feature=oembed\" frameborder=\"0\" allow=\"accelerometer; autoplay; clipboard-write; encrypted-media; gyroscope; picture-in-picture; web-share\" referrerpolicy=\"strict-origin-when-cross-origin\" allowfullscreen><\/iframe><\/p>\n<p style=\"text-align: left;\">Y para cualquier duda sobre casas prefabricadas, nuestro equipo comercial estar\u00e1 encantado de atenderte.<\/p>\n<p>\ud83d\udcf2 Wasapeanos: 629 71 37 94<br \/>\n\ud83d\udcde Ll\u00e1manos: 947 47 30 74<br \/>\n\ud83d\udce7 Escr\u00edbenos: contacto@eurocasas.com<br \/>\n\ud83c\udf10 Vis\u00edta nuestra web: www.eurocasas.com<br \/>\n\ud83d\ude09 Ven a vernos, tenemos la\u00a0<a href=\"https:\/\/eurocasas.com\/en\/exposicion-casas-prefabricadas-mas-grande-espana\/\">exposici\u00f3n de casas prefabricadas<\/a> m\u00e1s grande de Espa\u00f1a: C. Merindad de Sotoscueva, 8, 09001, Burgos.<\/p>","protected":false},"excerpt":{"rendered":"<p>Ainhoa lleva disfrutando de su casa prefabricada en \u00c1lava durante mucho tiempo. Hoy nos cuenta su experiencia en este post, desde el dise\u00f1o hasta la instalaci\u00f3n de la misma.<\/p>","protected":false},"author":60,"featured_media":33729,"comment_status":"closed","ping_status":"open","sticky":false,"template":"","format":"standard","meta":{"footnotes":""},"categories":[310,309],"tags":[],"post_folder":[],"_links":{"self":[{"href":"https:\/\/eurocasas.com\/en\/wp-json\/wp\/v2\/posts\/33724"}],"collection":[{"href":"https:\/\/eurocasas.com\/en\/wp-json\/wp\/v2\/posts"}],"about":[{"href":"https:\/\/eurocasas.com\/en\/wp-json\/wp\/v2\/types\/post"}],"author":[{"embeddable":true,"href":"https:\/\/eurocasas.com\/en\/wp-json\/wp\/v2\/users\/60"}],"replies":[{"embeddable":true,"href":"https:\/\/eurocasas.com\/en\/wp-json\/wp\/v2\/comments?post=33724"}],"version-history":[{"count":1,"href":"https:\/\/eurocasas.com\/en\/wp-json\/wp\/v2\/posts\/33724\/revisions"}],"predecessor-version":[{"id":40431,"href":"https:\/\/eurocasas.com\/en\/wp-json\/wp\/v2\/posts\/33724\/revisions\/40431"}],"wp:featuredmedia":[{"embeddable":true,"href":"https:\/\/eurocasas.com\/en\/wp-json\/wp\/v2\/media\/33729"}],"wp:attachment":[{"href":"https:\/\/eurocasas.com\/en\/wp-json\/wp\/v2\/media?parent=33724"}],"wp:term":[{"taxonomy":"category","embeddable":true,"href":"https:\/\/eurocasas.com\/en\/wp-json\/wp\/v2\/categories?post=33724"},{"taxonomy":"post_tag","embeddable":true,"href":"https:\/\/eurocasas.com\/en\/wp-json\/wp\/v2\/tags?post=33724"},{"taxonomy":"post_folder","embeddable":true,"href":"https:\/\/eurocasas.com\/en\/wp-json\/wp\/v2\/post_folder?post=33724"}],"curies":[{"name":"wp","href":"https:\/\/api.w.org\/{rel}","templated":true}]}}