{"id":35099,"date":"2024-07-30T11:42:24","date_gmt":"2024-07-30T11:42:24","guid":{"rendered":"https:\/\/eurocasas.com\/?p=35099"},"modified":"2024-08-02T10:46:44","modified_gmt":"2024-08-02T10:46:44","slug":"fran-y-carmen-experiencia-eurocasa","status":"publish","type":"post","link":"https:\/\/eurocasas.com\/en\/fran-y-carmen-experiencia-eurocasa\/","title":{"rendered":"Fran y Carmen nos cuentan su experiencia con nosotros"},"content":{"rendered":"<h1>Fran y Carmen nos cuentan su experiencia con nosotros<\/h1>\n<p>En un peque\u00f1o y pintoresco pueblo de la provincia de Burgos, se encuentra la encantadora casa de Fran y Carmen, una <a href=\"https:\/\/eurocasas.com\/en\/casa-prefabricada-modular-villa\/\"><strong>Plus Villa<\/strong><\/a> modelo Aconcagua de Eurocasa. A trav\u00e9s de su historia, nos invitan a descubrir c\u00f3mo es vivir en una casa prefabricada y comparten los detalles que hacen de su hogar un lugar especial.<\/p>\n<p>&nbsp;<\/p>\n<h2>El descubrimiento y la decisi\u00f3n.<\/h2>\n<p>Fran y Carmen pasaron tres veranos en un camping, donde comenzaron a enamorarse de la idea de vivir en una casa prefabricada. &#8220;Lo de las casas prefabricadas nos encant\u00f3&#8221;, recuerdan. Cuando supieron que en Burgos hab\u00eda <strong>una empresa reconocida por la calidad de sus casas, Eurocasa<\/strong>, decidieron visitar su exposici\u00f3n. Fue una decisi\u00f3n que cambiar\u00eda sus vidas. Al entrar en el modelo Villa Plus, se enamoraron inmediatamente de su dise\u00f1o y funcionalidad. &#8220;Entramos en este modelo y nos enamoramos. Eso era lo que quer\u00edamos&#8221;, explican. La decisi\u00f3n de adquirir su Plus Villa fue clara desde ese momento.<\/p>\n<p>&nbsp;<\/p>\n<p><img decoding=\"async\" class=\"alignnone wp-image-35106 size-full\" src=\"https:\/\/eurocasas.com\/wp-content\/uploads\/2024\/07\/caso_exito_arraya_oca_5.webp\" alt=\"c\u00f3mo es una casa prefabricada: nos lo cuentan Fran y Carmen\" width=\"1200\" height=\"675\" srcset=\"https:\/\/eurocasas.com\/wp-content\/uploads\/2024\/07\/caso_exito_arraya_oca_5.webp 1200w, https:\/\/eurocasas.com\/wp-content\/uploads\/2024\/07\/caso_exito_arraya_oca_5-300x169.webp 300w, https:\/\/eurocasas.com\/wp-content\/uploads\/2024\/07\/caso_exito_arraya_oca_5-1024x576.webp 1024w, https:\/\/eurocasas.com\/wp-content\/uploads\/2024\/07\/caso_exito_arraya_oca_5-768x432.webp 768w\" sizes=\"(max-width: 1200px) 100vw, 1200px\" \/><\/p>\n<h2><\/h2>\n<h2>El proceso de personalizaci\u00f3n.<\/h2>\n<p><strong>Uno de los aspectos que m\u00e1s destacan de la experiencia con Eurocasa es la capacidad de personalizar cada detalle de la vivienda.<\/strong> Fran y Carmen se reunieron con Teresa, quien les gui\u00f3 en cada paso del proceso. Desde la elecci\u00f3n del modelo, hasta peque\u00f1os detalles como el color de las puertas o la disposici\u00f3n de las ventanas, todo fue ajustado a sus gustos y necesidades. &#8220;Empezamos con el color de las paredes, el color de las puertas, el sof\u00e1&#8230; todo fue dise\u00f1ado a nuestra medida&#8221;, explican.<\/p>\n<p>La flexibilidad del dise\u00f1o de Eurocasa les permiti\u00f3 elegir caracter\u00edsticas como el doble acristalamiento para mayor aislamiento y la incorporaci\u00f3n de mosquiteras en todas las ventanas. Adem\u00e1s, optaron por una estufa de pellets, que no solo es eficiente energ\u00e9ticamente, sino que tambi\u00e9n a\u00f1ade una calidez acogedora a su hogar. &#8220;Es una maravilla porque gasta muy poco y calienta muy bien. A veces, tenemos que apagarla por la noche porque calienta demasiado&#8221;, comentan.<\/p>\n<div id='gallery-1' class='gallery galleryid-35099 gallery-columns-3 gallery-size-large'><figure class='gallery-item'>\n\t\t\t<div class='gallery-icon landscape'>\n\t\t\t\t<a href='https:\/\/eurocasas.com\/en\/fran-y-carmen-experiencia-eurocasa\/caso_exito_arraya_oca_7\/'><img decoding=\"async\" width=\"640\" height=\"360\" src=\"https:\/\/eurocasas.com\/wp-content\/uploads\/2024\/07\/caso_exito_arraya_oca_7-1024x576.webp\" class=\"attachment-large size-large\" alt=\"\" srcset=\"https:\/\/eurocasas.com\/wp-content\/uploads\/2024\/07\/caso_exito_arraya_oca_7-1024x576.webp 1024w, https:\/\/eurocasas.com\/wp-content\/uploads\/2024\/07\/caso_exito_arraya_oca_7-300x169.webp 300w, https:\/\/eurocasas.com\/wp-content\/uploads\/2024\/07\/caso_exito_arraya_oca_7-768x432.webp 768w, https:\/\/eurocasas.com\/wp-content\/uploads\/2024\/07\/caso_exito_arraya_oca_7.webp 1200w\" sizes=\"(max-width: 640px) 100vw, 640px\" \/><\/a>\n\t\t\t<\/div><\/figure><figure class='gallery-item'>\n\t\t\t<div class='gallery-icon landscape'>\n\t\t\t\t<a href='https:\/\/eurocasas.com\/en\/fran-y-carmen-experiencia-eurocasa\/caso_exito_arraya_oca_3\/'><img decoding=\"async\" width=\"640\" height=\"360\" src=\"https:\/\/eurocasas.com\/wp-content\/uploads\/2024\/07\/caso_exito_arraya_oca_3-1024x576.webp\" class=\"attachment-large size-large\" alt=\"\" srcset=\"https:\/\/eurocasas.com\/wp-content\/uploads\/2024\/07\/caso_exito_arraya_oca_3-1024x576.webp 1024w, https:\/\/eurocasas.com\/wp-content\/uploads\/2024\/07\/caso_exito_arraya_oca_3-300x169.webp 300w, https:\/\/eurocasas.com\/wp-content\/uploads\/2024\/07\/caso_exito_arraya_oca_3-768x432.webp 768w, https:\/\/eurocasas.com\/wp-content\/uploads\/2024\/07\/caso_exito_arraya_oca_3.webp 1200w\" sizes=\"(max-width: 640px) 100vw, 640px\" \/><\/a>\n\t\t\t<\/div><\/figure><figure class='gallery-item'>\n\t\t\t<div class='gallery-icon landscape'>\n\t\t\t\t<a href='https:\/\/eurocasas.com\/en\/fran-y-carmen-experiencia-eurocasa\/caso_exito_arraya_oca_4\/'><img decoding=\"async\" width=\"640\" height=\"360\" src=\"https:\/\/eurocasas.com\/wp-content\/uploads\/2024\/07\/caso_exito_arraya_oca_4-1024x576.webp\" class=\"attachment-large size-large\" alt=\"\" srcset=\"https:\/\/eurocasas.com\/wp-content\/uploads\/2024\/07\/caso_exito_arraya_oca_4-1024x576.webp 1024w, https:\/\/eurocasas.com\/wp-content\/uploads\/2024\/07\/caso_exito_arraya_oca_4-300x169.webp 300w, https:\/\/eurocasas.com\/wp-content\/uploads\/2024\/07\/caso_exito_arraya_oca_4-768x432.webp 768w, https:\/\/eurocasas.com\/wp-content\/uploads\/2024\/07\/caso_exito_arraya_oca_4.webp 1200w\" sizes=\"(max-width: 640px) 100vw, 640px\" \/><\/a>\n\t\t\t<\/div><\/figure>\n\t\t<\/div>\n\n<h2><\/h2>\n<h2>Montaje y transporte.<\/h2>\n<p><strong>La log\u00edstica de trasladar y montar una casa prefabricada puede parecer una tarea monumental, pero Eurocasa lo hace parecer sencillo.<\/strong> Jes\u00fas, encargado del transporte y montaje, planific\u00f3 cada detalle del proceso. &#8220;Hicimos el recorrido con \u00e9l d\u00edas antes para asegurarnos de que todo saliera bien&#8221;, recuerdan Fran y Carmen. El d\u00eda del traslado, la casa fue transportada en un cami\u00f3n y luego instalada en su terreno con la ayuda de una gr\u00faa. &#8220;El montaje fue sencillo. En media ma\u00f1ana montaron todo, excepto el porche, que requiri\u00f3 un poco m\u00e1s de trabajo&#8221;, explican.<\/p>\n<p>&nbsp;<\/p>\n<p><img decoding=\"async\" class=\"alignnone wp-image-35102 size-full\" src=\"https:\/\/eurocasas.com\/wp-content\/uploads\/2024\/07\/caso_exito_arraya_oca_1.webp\" alt=\"c\u00f3mo es una casa prefabricada: nos lo cuentan Fran y Carmen\" width=\"1200\" height=\"675\" srcset=\"https:\/\/eurocasas.com\/wp-content\/uploads\/2024\/07\/caso_exito_arraya_oca_1.webp 1200w, https:\/\/eurocasas.com\/wp-content\/uploads\/2024\/07\/caso_exito_arraya_oca_1-300x169.webp 300w, https:\/\/eurocasas.com\/wp-content\/uploads\/2024\/07\/caso_exito_arraya_oca_1-1024x576.webp 1024w, https:\/\/eurocasas.com\/wp-content\/uploads\/2024\/07\/caso_exito_arraya_oca_1-768x432.webp 768w\" sizes=\"(max-width: 1200px) 100vw, 1200px\" \/><\/p>\n<h2>Vivir en una Villa Plus.<\/h2>\n<p><strong>Una vez instalada, Fran y Carmen pudieron empezar a disfrutar de su nuevo hogar. Cada estancia de la casa es especial para ellos. <\/strong><\/p>\n<p><strong>La habitaci\u00f3n de su hija<\/strong>, por ejemplo, cuenta con un amplio ventanal que ofrece vistas espectaculares al monte, proporcionando un lugar tranquilo y hermoso para relajarse y estudiar.<\/p>\n<p><strong>El sal\u00f3n<\/strong>, con su vista panor\u00e1mica, se ha convertido en el lugar favorito para desayunar y disfrutar de la vista, sin importar el clima. &#8220;Los desayunos se hacen eternos porque ves llover, nevar o salir el sol&#8221;, explican con entusiasmo.<\/p>\n<p><strong>El dormitorio principal<\/strong> no se queda atr\u00e1s en cuanto a comodidad y espacio. Cuenta con un armario que ocupa toda una pared, ofreciendo un almacenamiento generoso y organizado.<\/p>\n<p><strong>La cocina<\/strong>, completamente equipada y decorada seg\u00fan sus preferencias, se ha convertido en el coraz\u00f3n del hogar. &#8220;La cocina es perfecta porque est\u00e1 montada completamente con los colores que elegimos desde el principio&#8221;, destacan.<\/p>\n<p><strong>El ba\u00f1o<\/strong> es otro punto a favor de esta casa prefabricada. Con una ducha amplia, mucha luz natural y un radiador para calentar las toallas, se ha convertido en un espacio de relajaci\u00f3n y confort. &#8220;Es fant\u00e1stico y no tengo nada malo que decir de esta casa&#8221;, afirman.<\/p>\n<h2>Retos conseguidos.<\/h2>\n<p>El proceso de fabricaci\u00f3n e instalaci\u00f3n de esta casa prefabricada Plus Villa present\u00f3 diversos desaf\u00edos. Cada reto fue superado con \u00e9xito, demostrando nuestra capacidad para ofrecer soluciones innovadoras y personalizadas. Por ello, queremos destacar algunos de los principales logros alcanzados:<\/p>\n<ul>\n<li><strong>Instalaci\u00f3n de mosquiteras:<\/strong> mejorando la ventilaci\u00f3n y protecci\u00f3n sin comprometer el dise\u00f1o.<\/li>\n<li><strong>Trampillas de almacenamiento:<\/strong> espacio adicional aislado y accesible bajo la casa.<\/li>\n<li><strong>Alto aislamiento:<\/strong> materiales siempre de alta calidad para conseguir un alto aislamiento t\u00e9rmico y ac\u00fastico.<\/li>\n<li><strong>Instalaci\u00f3n del porche:<\/strong> integraci\u00f3n perfecta con la distribuci\u00f3n Aconcagua.<\/li>\n<li><strong>Personalizaci\u00f3n de interiores:<\/strong> ajustes detallados seg\u00fan las necesidades y gustos de sus propietarios.<\/li>\n<\/ul>\n<h2>Satisfacci\u00f3n total con c\u00f3mo es una casa prefabricada.<\/h2>\n<p>Fran y Carmen no podr\u00edan estar m\u00e1s satisfechos con su elecci\u00f3n. <strong>No solo valoran la funcionalidad y est\u00e9tica de su Plus Villa, sino tambi\u00e9n la experiencia sin complicaciones y el excelente servicio de Eurocasa<\/strong>. Desde la personalizaci\u00f3n hasta la entrega y montaje, todo el proceso fue manejado con profesionalidad y atenci\u00f3n al detalle. &#8220;Todo el mundo que viene a verla, le encanta. Yo se lo recomiendo al 100%&#8221;, concluyen. Si tuvieran que volver a comprar una casa, no dudar\u00edan en elegir de nuevo a Eurocasa. &#8220;Estamos encantados y no hemos tenido ning\u00fan problema. Nos encanta&#8221;, finalizan.<\/p>\n<p>Te dejamos <strong>este v\u00eddeo donde nos cuentan todo<\/strong> en vivo y en directo.<\/p>\n<p><iframe title=\"Clientes de Eurocasa: Fran y Carmen nos abren las puertas de su casa prefabricada | Tour completo\" width=\"640\" height=\"360\" src=\"https:\/\/www.youtube.com\/embed\/JEkdmAohjEE?feature=oembed\" frameborder=\"0\" allow=\"accelerometer; autoplay; clipboard-write; encrypted-media; gyroscope; picture-in-picture; web-share\" referrerpolicy=\"strict-origin-when-cross-origin\" allowfullscreen><\/iframe><\/p>\n<p>Para obtener m\u00e1s informaci\u00f3n o cualquier duda sobre casas prefabricadas, nuestro equipo comercial estar\u00e1 encantado de atenderte.<\/p>\n<p>\ud83d\udcf2 Wasapeanos: 629 71 37 94<br \/>\n\ud83d\udcde Ll\u00e1manos: 947 47 30 74<br \/>\n\ud83d\udce7 Escr\u00edbenos: <a href=\"mailto:contacto@eurocasas.com\">contacto@eurocasas.com<\/a><br \/>\n\ud83c\udf10 Visita nuestra web: <a href=\"https:\/\/eurocasas.com\/en\/\">eurocasas.com<\/a><br \/>\n\ud83d\ude09 Ven a visitarnos, tenemos la <a href=\"https:\/\/eurocasas.com\/en\/exposicion-casas-prefabricadas-mas-grande-espana\/\">exposici\u00f3n de casas prefabricadas<\/a> m\u00e1s grande de Espa\u00f1a: C. Merindad de Sotoscueva, 8, 09001, Burgos.<\/p>","protected":false},"excerpt":{"rendered":"<p>Fran y Carmen nos muestran su casa prefabricada Plus Villa. Destacan la personalizaci\u00f3n, f\u00e1cil montaje y eficiencia energ\u00e9tica. Recomiendan 100% Eurocasa por su calidad y excelente servicio.<\/p>","protected":false},"author":1,"featured_media":35102,"comment_status":"closed","ping_status":"open","sticky":false,"template":"","format":"image","meta":{"footnotes":""},"categories":[310,309],"tags":[],"post_folder":[],"_links":{"self":[{"href":"https:\/\/eurocasas.com\/en\/wp-json\/wp\/v2\/posts\/35099"}],"collection":[{"href":"https:\/\/eurocasas.com\/en\/wp-json\/wp\/v2\/posts"}],"about":[{"href":"https:\/\/eurocasas.com\/en\/wp-json\/wp\/v2\/types\/post"}],"author":[{"embeddable":true,"href":"https:\/\/eurocasas.com\/en\/wp-json\/wp\/v2\/users\/1"}],"replies":[{"embeddable":true,"href":"https:\/\/eurocasas.com\/en\/wp-json\/wp\/v2\/comments?post=35099"}],"version-history":[{"count":0,"href":"https:\/\/eurocasas.com\/en\/wp-json\/wp\/v2\/posts\/35099\/revisions"}],"wp:featuredmedia":[{"embeddable":true,"href":"https:\/\/eurocasas.com\/en\/wp-json\/wp\/v2\/media\/35102"}],"wp:attachment":[{"href":"https:\/\/eurocasas.com\/en\/wp-json\/wp\/v2\/media?parent=35099"}],"wp:term":[{"taxonomy":"category","embeddable":true,"href":"https:\/\/eurocasas.com\/en\/wp-json\/wp\/v2\/categories?post=35099"},{"taxonomy":"post_tag","embeddable":true,"href":"https:\/\/eurocasas.com\/en\/wp-json\/wp\/v2\/tags?post=35099"},{"taxonomy":"post_folder","embeddable":true,"href":"https:\/\/eurocasas.com\/en\/wp-json\/wp\/v2\/post_folder?post=35099"}],"curies":[{"name":"wp","href":"https:\/\/api.w.org\/{rel}","templated":true}]}}