{"id":37614,"date":"2024-11-29T11:57:39","date_gmt":"2024-11-29T11:57:39","guid":{"rendered":"https:\/\/eurocasas.com\/?p=37614"},"modified":"2024-11-29T16:49:37","modified_gmt":"2024-11-29T16:49:37","slug":"vivienda-prefabricada-en-burgos","status":"publish","type":"post","link":"https:\/\/eurocasas.com\/en\/vivienda-prefabricada-en-burgos\/","title":{"rendered":"La experiencia de Charo y Pedro en su vivienda prefabricada en Burgos"},"content":{"rendered":"<h1>La experiencia de Charo y Pedro en su vivienda prefabricada en Burgos.<\/h1>\n<p>En el coraz\u00f3n del sur de la provincia de Burgos, rodeados por un entorno natural inigualable, Charo y Pedro han hecho realidad su sue\u00f1o de tener un hogar propio. Gracias a Eurocasa, han conseguido una vivienda prefabricada en Burgos, modelo <strong>Sierra de la Demanda en acabado Villa Plus<\/strong>, que no solo se adapta a sus necesidades, sino que tambi\u00e9n les ofrece una calidad y comodidad comparables a una construcci\u00f3n tradicional.<\/p>\n<p>Descubre c\u00f3mo este proyecto, situado a 900 metros de altitud y rodeado de robles, encinas, sabinas y enebros que se convirti\u00f3 en un \u00e9xito total.<\/p>\n<figure id=\"attachment_37615\" aria-describedby=\"caption-attachment-37615\" style=\"width: 1024px\" class=\"wp-caption aligncenter\"><img decoding=\"async\" class=\"wp-image-37615 size-large\" src=\"https:\/\/eurocasas.com\/wp-content\/uploads\/2024\/11\/caso_villaplus_lerma_14-1024x540.webp\" alt=\"vivienda prefabricada en Burgos\" width=\"1024\" height=\"540\" srcset=\"https:\/\/eurocasas.com\/wp-content\/uploads\/2024\/11\/caso_villaplus_lerma_14-1024x540.webp 1024w, https:\/\/eurocasas.com\/wp-content\/uploads\/2024\/11\/caso_villaplus_lerma_14-300x158.webp 300w, https:\/\/eurocasas.com\/wp-content\/uploads\/2024\/11\/caso_villaplus_lerma_14-768x405.webp 768w, https:\/\/eurocasas.com\/wp-content\/uploads\/2024\/11\/caso_villaplus_lerma_14.webp 1517w\" sizes=\"(max-width: 1024px) 100vw, 1024px\" \/><figcaption id=\"caption-attachment-37615\" class=\"wp-caption-text\">Vivienda prefabricada en Burgos de Charo y Pedro.<\/figcaption><\/figure>\n<h2><\/h2>\n<h2><strong>Modelo de vivienda prefabricada escogida.<\/strong><\/h2>\n<p>Charo y Pedro eligieron el modelo <a href=\"https:\/\/eurocasas.com\/en\/configurador\/villa\/sierra-de-la-demanda\/\"><strong>Sierra de la Demanda en acabado Villa Plus<\/strong><\/a>, dise\u00f1ado espec\u00edficamente para ofrecer versatilidad y un dise\u00f1o elegante. Pedro, quien inicialmente no sab\u00eda que en Burgos exist\u00eda una empresa puntera como Eurocasa, descubri\u00f3 la f\u00e1brica gracias a la recomendaci\u00f3n de un conocido. Tras una visita guiada por las instalaciones, qued\u00f3 impresionado por la calidad de los materiales y los dise\u00f1os disponibles.<\/p>\n<p>Despu\u00e9s de consultar con Charo, visitaron juntos varias casas prefabricadas de su exposici\u00f3n y quedaron encantados con este modelo. Realizaron algunos ajustes personalizados, como peque\u00f1os cambios en la distribuci\u00f3n, para adaptarlo perfectamente a sus gustos. Seg\u00fan sus palabras, &#8220;las calidades son buenas, la eficiencia energ\u00e9tica es excelente, y el dise\u00f1o es exactamente lo que busc\u00e1bamos&#8221;.<\/p>\n<div id='gallery-1' class='gallery galleryid-37614 gallery-columns-3 gallery-size-large'><figure class='gallery-item'>\n\t\t\t<div class='gallery-icon landscape'>\n\t\t\t\t<a href='https:\/\/eurocasas.com\/wp-content\/uploads\/2024\/11\/caso_villaplus_lerma_1.webp'><img decoding=\"async\" width=\"640\" height=\"338\" src=\"https:\/\/eurocasas.com\/wp-content\/uploads\/2024\/11\/caso_villaplus_lerma_1-1024x540.webp\" class=\"attachment-large size-large\" alt=\"\" aria-describedby=\"gallery-1-37616\" srcset=\"https:\/\/eurocasas.com\/wp-content\/uploads\/2024\/11\/caso_villaplus_lerma_1-1024x540.webp 1024w, https:\/\/eurocasas.com\/wp-content\/uploads\/2024\/11\/caso_villaplus_lerma_1-300x158.webp 300w, https:\/\/eurocasas.com\/wp-content\/uploads\/2024\/11\/caso_villaplus_lerma_1-768x405.webp 768w, https:\/\/eurocasas.com\/wp-content\/uploads\/2024\/11\/caso_villaplus_lerma_1.webp 1517w\" sizes=\"(max-width: 640px) 100vw, 640px\" \/><\/a>\n\t\t\t<\/div>\n\t\t\t\t<figcaption class='wp-caption-text gallery-caption' id='gallery-1-37616'>\n\t\t\t\tSal\u00f3n de la casa de Pedro y Charo\n\t\t\t\t<\/figcaption><\/figure><figure class='gallery-item'>\n\t\t\t<div class='gallery-icon landscape'>\n\t\t\t\t<a href='https:\/\/eurocasas.com\/wp-content\/uploads\/2024\/11\/caso_villaplus_lerma_9.webp'><img decoding=\"async\" width=\"640\" height=\"338\" src=\"https:\/\/eurocasas.com\/wp-content\/uploads\/2024\/11\/caso_villaplus_lerma_9-1024x540.webp\" class=\"attachment-large size-large\" alt=\"\" aria-describedby=\"gallery-1-37624\" srcset=\"https:\/\/eurocasas.com\/wp-content\/uploads\/2024\/11\/caso_villaplus_lerma_9-1024x540.webp 1024w, https:\/\/eurocasas.com\/wp-content\/uploads\/2024\/11\/caso_villaplus_lerma_9-300x158.webp 300w, https:\/\/eurocasas.com\/wp-content\/uploads\/2024\/11\/caso_villaplus_lerma_9-768x405.webp 768w, https:\/\/eurocasas.com\/wp-content\/uploads\/2024\/11\/caso_villaplus_lerma_9.webp 1517w\" sizes=\"(max-width: 640px) 100vw, 640px\" \/><\/a>\n\t\t\t<\/div>\n\t\t\t\t<figcaption class='wp-caption-text gallery-caption' id='gallery-1-37624'>\n\t\t\t\tCocina de casa prefabricada modelo Sierra de la Demanda\n\t\t\t\t<\/figcaption><\/figure><figure class='gallery-item'>\n\t\t\t<div class='gallery-icon landscape'>\n\t\t\t\t<a href='https:\/\/eurocasas.com\/wp-content\/uploads\/2024\/11\/caso_villaplus_lerma_3.webp'><img decoding=\"async\" width=\"640\" height=\"338\" src=\"https:\/\/eurocasas.com\/wp-content\/uploads\/2024\/11\/caso_villaplus_lerma_3-1024x540.webp\" class=\"attachment-large size-large\" alt=\"\" aria-describedby=\"gallery-1-37618\" srcset=\"https:\/\/eurocasas.com\/wp-content\/uploads\/2024\/11\/caso_villaplus_lerma_3-1024x540.webp 1024w, https:\/\/eurocasas.com\/wp-content\/uploads\/2024\/11\/caso_villaplus_lerma_3-300x158.webp 300w, https:\/\/eurocasas.com\/wp-content\/uploads\/2024\/11\/caso_villaplus_lerma_3-768x405.webp 768w, https:\/\/eurocasas.com\/wp-content\/uploads\/2024\/11\/caso_villaplus_lerma_3.webp 1517w\" sizes=\"(max-width: 640px) 100vw, 640px\" \/><\/a>\n\t\t\t<\/div>\n\t\t\t\t<figcaption class='wp-caption-text gallery-caption' id='gallery-1-37618'>\n\t\t\t\tSal\u00f3n de la casa de Pedro y Charo, zona de descanso\n\t\t\t\t<\/figcaption><\/figure>\n\t\t<\/div>\n\n<p>&nbsp;<\/p>\n<h2><strong>Ubicaci\u00f3n del proyecto.<\/strong><\/h2>\n<p>La vivienda de Charo y Pedro est\u00e1 situada en un enclave privilegiado al sur de Burgos, rodeado de un bosque natural. Este entorno tranquilo y alejado del bullicio les permite disfrutar de la naturaleza en su m\u00e1ximo esplendor, sin renunciar a las comodidades de una vivienda moderna.<\/p>\n<p>La elecci\u00f3n de una vivienda prefabricada en Burgos no solo les ofreci\u00f3 un proceso m\u00e1s r\u00e1pido y eficiente que una construcci\u00f3n tradicional, sino que tambi\u00e9n les permiti\u00f3 aprovechar al m\u00e1ximo las caracter\u00edsticas del terreno y su entorno.<\/p>\n<figure id=\"attachment_37627\" aria-describedby=\"caption-attachment-37627\" style=\"width: 1517px\" class=\"wp-caption aligncenter\"><img decoding=\"async\" class=\"wp-image-37627 size-full\" src=\"https:\/\/eurocasas.com\/wp-content\/uploads\/2024\/11\/caso_villaplus_lerma_12.webp\" alt=\"zona exterior de vivienda prefabricada en Burgos\" width=\"1517\" height=\"800\" srcset=\"https:\/\/eurocasas.com\/wp-content\/uploads\/2024\/11\/caso_villaplus_lerma_12.webp 1517w, https:\/\/eurocasas.com\/wp-content\/uploads\/2024\/11\/caso_villaplus_lerma_12-300x158.webp 300w, https:\/\/eurocasas.com\/wp-content\/uploads\/2024\/11\/caso_villaplus_lerma_12-1024x540.webp 1024w, https:\/\/eurocasas.com\/wp-content\/uploads\/2024\/11\/caso_villaplus_lerma_12-768x405.webp 768w\" sizes=\"(max-width: 1517px) 100vw, 1517px\" \/><figcaption id=\"caption-attachment-37627\" class=\"wp-caption-text\">Zona exterior de la casa de Pedro y Charo con una amplia terraza y p\u00e9rgola incorporada.<\/figcaption><\/figure>\n<h2><\/h2>\n<h2><strong>Retos conseguidos.<\/strong><\/h2>\n<p>El proyecto de Charo y Pedro present\u00f3 algunos desaf\u00edos que fueron superados con \u00e9xito gracias a la experiencia y profesionalidad del equipo de Eurocasa. Entre los logros m\u00e1s destacados se incluyen:<\/p>\n<ul>\n<li><strong>Cumplimiento de plazos y presupuesto<\/strong>: Eurocasa respet\u00f3 tanto los tiempos establecidos como el precio inicial, sin sorpresas ni costes adicionales. Esto gener\u00f3 confianza y tranquilidad a lo largo del proceso.<\/li>\n<li><strong>Eficiencia energ\u00e9tica excepcional<\/strong>: La vivienda cuenta con una estufa de pellet eficiente y r\u00e1pida, que mantiene la casa confortable incluso en los d\u00edas m\u00e1s fr\u00edos. Esto fue una grata sorpresa para los propietarios, quienes destacan que &#8220;funciona de una forma rapid\u00edsima&#8221;.<\/li>\n<li><strong>Personalizaci\u00f3n antes del montaje final<\/strong>: Uno de los momentos m\u00e1s sorprendentes para Charo y Pedro fue visitar la f\u00e1brica cuando su casa ya estaba montada. All\u00ed tuvieron la oportunidad de realizar cambios que no hab\u00edan previsto en los planos iniciales, lo que les permiti\u00f3 perfeccionar a\u00fan m\u00e1s su hogar.<\/li>\n<li><strong>Montaje r\u00e1pido y eficiente<\/strong>: En tan solo dos d\u00edas, la casa fue completamente instalada en su parcela, con Pedro supervisando todo el proceso de cerca. Este montaje r\u00e1pido y profesional les permiti\u00f3 empezar a disfrutar de su vivienda en tiempo r\u00e9cord.<\/li>\n<li><strong>Servicio postventa impecable<\/strong>: Ante peque\u00f1os ajustes necesarios tras la instalaci\u00f3n, el equipo de Eurocasa respondi\u00f3 con rapidez y eficacia, asegurando la satisfacci\u00f3n de los propietarios.<\/li>\n<\/ul>\n<figure id=\"attachment_37617\" aria-describedby=\"caption-attachment-37617\" style=\"width: 1517px\" class=\"wp-caption aligncenter\"><img decoding=\"async\" class=\"wp-image-37617 size-full\" src=\"https:\/\/eurocasas.com\/wp-content\/uploads\/2024\/11\/caso_villaplus_lerma_2.webp\" alt=\"porche de casa prefabricada\" width=\"1517\" height=\"800\" srcset=\"https:\/\/eurocasas.com\/wp-content\/uploads\/2024\/11\/caso_villaplus_lerma_2.webp 1517w, https:\/\/eurocasas.com\/wp-content\/uploads\/2024\/11\/caso_villaplus_lerma_2-300x158.webp 300w, https:\/\/eurocasas.com\/wp-content\/uploads\/2024\/11\/caso_villaplus_lerma_2-1024x540.webp 1024w, https:\/\/eurocasas.com\/wp-content\/uploads\/2024\/11\/caso_villaplus_lerma_2-768x405.webp 768w\" sizes=\"(max-width: 1517px) 100vw, 1517px\" \/><figcaption id=\"caption-attachment-37617\" class=\"wp-caption-text\">Terraza y zona exterior.<\/figcaption><\/figure>\n<h2><strong>Tour por la vievienda de Charo y Pedro.<\/strong><\/h2>\n<p>En el v\u00eddeo que acompa\u00f1a esta historia, Charo y Pedro nos invitan a recorrer su hogar y comparten su experiencia con Eurocasa. Desde los primeros pasos hasta la entrega de la vivienda, destacan la profesionalidad del equipo y la calidad de los acabados.<\/p>\n<p>Charo y Pedro est\u00e1n particularmente orgullosos de la<strong> terraza con p\u00e9rgola\u00a0exterior, su espacio favorito de la casa<\/strong>, perfecto para relajarse y disfrutar de las vistas al bosque. Adem\u00e1s, mencionan la tranquilidad que les brind\u00f3 saber que su vivienda prefabricada cumpl\u00eda con los mismos est\u00e1ndares de calidad que una construcci\u00f3n convencional.<\/p>\n<p>Durante todo el proceso, desde la personalizaci\u00f3n inicial hasta el servicio postventa, se sintieron acompa\u00f1ados y bien atendidos. Pedro lo resume de manera clara: &#8220;Si alguien me pregunta si recomendar\u00eda Eurocasa, dir\u00eda que s\u00ed sin dudarlo. Estamos muy contentos y animamos a otros a que den el paso&#8221;.<\/p>\n<p>&nbsp;<\/p>\n<p><iframe title=\"Charo y Pedro nos muestran su Casa Prefabricada Eurocasa | Modelo Sierra de la Demanda \ud83c\udfe1\u2728\" width=\"640\" height=\"360\" src=\"https:\/\/www.youtube.com\/embed\/nXqBi-TqQ9w?feature=oembed\" frameborder=\"0\" allow=\"accelerometer; autoplay; clipboard-write; encrypted-media; gyroscope; picture-in-picture; web-share\" referrerpolicy=\"strict-origin-when-cross-origin\" allowfullscreen><\/iframe><\/p>\n<p>&nbsp;<\/p>\n<p>La historia de Charo y Pedro es un ejemplo perfecto del compromiso de Eurocasa con la satisfacci\u00f3n del cliente y la calidad de sus productos. Su vivienda prefabricada en Burgos, modelo Sierra de la Demanda en acabado Villa Plus, no solo cumple con las expectativas de dise\u00f1o y funcionalidad, sino que tambi\u00e9n ha superado sus expectativas en cuanto a eficiencia energ\u00e9tica, rapidez de montaje y atenci\u00f3n personalizada.<\/p>\n<p>Si est\u00e1s buscando una vivienda prefabricada y quieres un proceso \u00e1gil, transparente y personalizado, Eurocasa es tu mejor opci\u00f3n. Con la posibilidad de personalizar hasta el m\u00e1s m\u00ednimo detalle y la tranquilidad de un presupuesto cerrado, <strong>Eurocasa te ayudar\u00e1 a hacer realidad el hogar de tus sue\u00f1os<\/strong>.<\/p>\n<p>\ud83d\udcf2 Wasapeanos: 629 71 37 94<br \/>\n\ud83d\udcde Ll\u00e1manos: 947 47 30 74<br \/>\n\ud83d\udce7 Escr\u00edbenos: contacto@eurocasas.com<br \/>\n\ud83c\udf10 Vis\u00edta nuestra web: <a href=\"https:\/\/eurocasas.com\/en\/\">www.eurocasas.com<\/a><br \/>\n\ud83d\ude09 Ven a visitarnos, tenemos la <strong>exposici\u00f3n de casas prefabricadas<\/strong> m\u00e1s grande de Espa\u00f1a: C. Merindad de Sotoscueva, 8, 09001, Burgos.<\/p>","protected":false},"excerpt":{"rendered":"<p>Charo y Pedro comparten su experiencia con Eurocasa y su vivienda prefabricada en Burgos.  Ubicada al sur de la provincia, su hogar refleja calidad y atenci\u00f3n al detalle.<\/p>","protected":false},"author":1,"featured_media":37625,"comment_status":"closed","ping_status":"open","sticky":false,"template":"","format":"image","meta":{"footnotes":""},"categories":[310,309],"tags":[],"post_folder":[],"_links":{"self":[{"href":"https:\/\/eurocasas.com\/en\/wp-json\/wp\/v2\/posts\/37614"}],"collection":[{"href":"https:\/\/eurocasas.com\/en\/wp-json\/wp\/v2\/posts"}],"about":[{"href":"https:\/\/eurocasas.com\/en\/wp-json\/wp\/v2\/types\/post"}],"author":[{"embeddable":true,"href":"https:\/\/eurocasas.com\/en\/wp-json\/wp\/v2\/users\/1"}],"replies":[{"embeddable":true,"href":"https:\/\/eurocasas.com\/en\/wp-json\/wp\/v2\/comments?post=37614"}],"version-history":[{"count":0,"href":"https:\/\/eurocasas.com\/en\/wp-json\/wp\/v2\/posts\/37614\/revisions"}],"wp:featuredmedia":[{"embeddable":true,"href":"https:\/\/eurocasas.com\/en\/wp-json\/wp\/v2\/media\/37625"}],"wp:attachment":[{"href":"https:\/\/eurocasas.com\/en\/wp-json\/wp\/v2\/media?parent=37614"}],"wp:term":[{"taxonomy":"category","embeddable":true,"href":"https:\/\/eurocasas.com\/en\/wp-json\/wp\/v2\/categories?post=37614"},{"taxonomy":"post_tag","embeddable":true,"href":"https:\/\/eurocasas.com\/en\/wp-json\/wp\/v2\/tags?post=37614"},{"taxonomy":"post_folder","embeddable":true,"href":"https:\/\/eurocasas.com\/en\/wp-json\/wp\/v2\/post_folder?post=37614"}],"curies":[{"name":"wp","href":"https:\/\/api.w.org\/{rel}","templated":true}]}}