{"id":38598,"date":"2025-02-27T18:00:57","date_gmt":"2025-02-27T18:00:57","guid":{"rendered":"https:\/\/eurocasas.com\/?p=38598"},"modified":"2025-07-31T14:58:43","modified_gmt":"2025-07-31T14:58:43","slug":"casa-prefabricada-en-valladolid","status":"publish","type":"post","link":"https:\/\/eurocasas.com\/en\/casa-prefabricada-en-valladolid\/","title":{"rendered":"La experiencia de Rosa en su casa prefabricada en Valladolid"},"content":{"rendered":"<h1>La experiencia de Rosa en su casa prefabricada en Valladolid.<\/h1>\n<p data-start=\"97\" data-end=\"475\">En un encantador pueblo de Castilla, <strong data-start=\"134\" data-end=\"179\">Rosa encontr\u00f3 su hogar ideal con Eurocasa<\/strong>. Aunque su plan inicial era construir una vivienda tradicional, descubrir las ventajas de una <strong data-start=\"274\" data-end=\"309\">casa prefabricada <\/strong>en Valladolid cambi\u00f3 por completo su visi\u00f3n. Gracias a Eurocasa, pudo dise\u00f1ar su <strong data-start=\"377\" data-end=\"400\">Gran Villa Especial<\/strong>, adapt\u00e1ndola a sus gustos y necesidades con un proceso \u00e1gil y eficiente.<\/p>\n<p>\u00a0\u00a0<img decoding=\"async\" class=\"aligncenter wp-image-38606 size-full\" src=\"https:\/\/eurocasas.com\/wp-content\/uploads\/2025\/02\/caso_exito_valladolid_9.webp\" alt=\"Casa prefabricada en Valladolid, del Grupo Eurocasa\" width=\"1200\" height=\"675\" srcset=\"https:\/\/eurocasas.com\/wp-content\/uploads\/2025\/02\/caso_exito_valladolid_9.webp 1200w, https:\/\/eurocasas.com\/wp-content\/uploads\/2025\/02\/caso_exito_valladolid_9-300x169.webp 300w, https:\/\/eurocasas.com\/wp-content\/uploads\/2025\/02\/caso_exito_valladolid_9-1024x576.webp 1024w, https:\/\/eurocasas.com\/wp-content\/uploads\/2025\/02\/caso_exito_valladolid_9-768x432.webp 768w\" sizes=\"(max-width: 1200px) 100vw, 1200px\" \/><\/p>\n<h2><\/h2>\n<h2><strong>Modelo de casa prefabricada escogida.<\/strong><\/h2>\n<p data-start=\"533\" data-end=\"941\">Desde su primera visita a la<a href=\"https:\/\/www.youtube.com\/watch?v=NhbNLR-1QRQ\" target=\"_blank\" rel=\"noopener\"> exposici\u00f3n de Eurocasa<\/a>, Rosa supo que quer\u00eda una casa prefabricada en Valladolid. Su elecci\u00f3n fue el acabado <a href=\"https:\/\/eurocasas.com\/en\/vivienda-prefabricada-gran-villa\/\">Gran Villa Especial<\/a>, que le permit\u00eda una distribuci\u00f3n optimizada y acabados personalizables. Inspir\u00e1ndose en distintos modelos, incorpor\u00f3 una <strong data-start=\"820\" data-end=\"832\">despensa<\/strong>, puertas correderas que integran los espacios y detalles de dise\u00f1o que le aportan calidez y funcionalidad.<\/p>\n<p data-start=\"943\" data-end=\"1126\">Adem\u00e1s, la vivienda destaca por su <strong data-start=\"978\" data-end=\"1011\">excelente aislamiento t\u00e9rmico<\/strong>, con <strong data-start=\"1017\" data-end=\"1047\">ventanas de triple cristal<\/strong> y un sistema de aerotermia que garantiza confort en cualquier \u00e9poca del a\u00f1o.<\/p>\n<p>&nbsp;<\/p>\n<div id='gallery-1' class='gallery galleryid-38598 gallery-columns-3 gallery-size-large'><figure class='gallery-item'>\n\t\t\t<div class='gallery-icon landscape'>\n\t\t\t\t<a href=\"https:\/\/eurocasas.com\/wp-content\/uploads\/2025\/02\/caso_exito_valladolid_1.webp\"><img decoding=\"async\" width=\"640\" height=\"360\" src=\"https:\/\/eurocasas.com\/wp-content\/uploads\/2025\/02\/caso_exito_valladolid_1-1024x576.webp\" class=\"attachment-large size-large\" alt=\"Casa prefabricada en valladolid del grupo eurocasa\" aria-describedby=\"gallery-1-38608\" srcset=\"https:\/\/eurocasas.com\/wp-content\/uploads\/2025\/02\/caso_exito_valladolid_1-1024x576.webp 1024w, https:\/\/eurocasas.com\/wp-content\/uploads\/2025\/02\/caso_exito_valladolid_1-300x169.webp 300w, https:\/\/eurocasas.com\/wp-content\/uploads\/2025\/02\/caso_exito_valladolid_1-768x432.webp 768w, https:\/\/eurocasas.com\/wp-content\/uploads\/2025\/02\/caso_exito_valladolid_1.webp 1200w\" sizes=\"(max-width: 640px) 100vw, 640px\" \/><\/a>\n\t\t\t<\/div>\n\t\t\t\t<figcaption class='wp-caption-text gallery-caption' id='gallery-1-38608'>\n\t\t\t\tAcabado Gran Villa\n\t\t\t\t<\/figcaption><\/figure><figure class='gallery-item'>\n\t\t\t<div class='gallery-icon landscape'>\n\t\t\t\t<a href=\"https:\/\/eurocasas.com\/wp-content\/uploads\/2025\/02\/caso_exito_valladolid_2.webp\"><img decoding=\"async\" width=\"640\" height=\"360\" src=\"https:\/\/eurocasas.com\/wp-content\/uploads\/2025\/02\/caso_exito_valladolid_2-1024x576.webp\" class=\"attachment-large size-large\" alt=\"Casa prefabricada en valladolid del grupo eurocasa\" aria-describedby=\"gallery-1-38609\" srcset=\"https:\/\/eurocasas.com\/wp-content\/uploads\/2025\/02\/caso_exito_valladolid_2-1024x576.webp 1024w, https:\/\/eurocasas.com\/wp-content\/uploads\/2025\/02\/caso_exito_valladolid_2-300x169.webp 300w, https:\/\/eurocasas.com\/wp-content\/uploads\/2025\/02\/caso_exito_valladolid_2-768x432.webp 768w, https:\/\/eurocasas.com\/wp-content\/uploads\/2025\/02\/caso_exito_valladolid_2.webp 1200w\" sizes=\"(max-width: 640px) 100vw, 640px\" \/><\/a>\n\t\t\t<\/div>\n\t\t\t\t<figcaption class='wp-caption-text gallery-caption' id='gallery-1-38609'>\n\t\t\t\tSal\u00f3n &#8211; comedor\n\t\t\t\t<\/figcaption><\/figure><figure class='gallery-item'>\n\t\t\t<div class='gallery-icon landscape'>\n\t\t\t\t<a href=\"https:\/\/eurocasas.com\/wp-content\/uploads\/2025\/02\/caso_exito_valladolid_3.webp\"><img decoding=\"async\" width=\"640\" height=\"360\" src=\"https:\/\/eurocasas.com\/wp-content\/uploads\/2025\/02\/caso_exito_valladolid_3-1024x576.webp\" class=\"attachment-large size-large\" alt=\"Casa prefabricada en valladolid del grupo eurocasa\" aria-describedby=\"gallery-1-38610\" srcset=\"https:\/\/eurocasas.com\/wp-content\/uploads\/2025\/02\/caso_exito_valladolid_3-1024x576.webp 1024w, https:\/\/eurocasas.com\/wp-content\/uploads\/2025\/02\/caso_exito_valladolid_3-300x169.webp 300w, https:\/\/eurocasas.com\/wp-content\/uploads\/2025\/02\/caso_exito_valladolid_3-768x432.webp 768w, https:\/\/eurocasas.com\/wp-content\/uploads\/2025\/02\/caso_exito_valladolid_3.webp 1200w\" sizes=\"(max-width: 640px) 100vw, 640px\" \/><\/a>\n\t\t\t<\/div>\n\t\t\t\t<figcaption class='wp-caption-text gallery-caption' id='gallery-1-38610'>\n\t\t\t\tCocina\n\t\t\t\t<\/figcaption><\/figure>\n\t\t<\/div>\n\n<p>&nbsp;<\/p>\n<h2><strong>Ubicaci\u00f3n del proyecto.<\/strong><\/h2>\n<p data-start=\"1167\" data-end=\"1490\">La casa de Rosa se encuentra en un <strong data-start=\"1202\" data-end=\"1226\">pueblo de Valladolid<\/strong>, en una zona con una arquitectura tradicional. Para integrarse armoniosamente con el entorno, eligi\u00f3 una combinaci\u00f3n de <strong data-start=\"1347\" data-end=\"1396\">fachada granate con detalles en m\u00e1rmol blanco<\/strong>, un dise\u00f1o que no solo se adapta al paisaje, sino que tambi\u00e9n le da un toque de distinci\u00f3n.<\/p>\n<p data-start=\"1492\" data-end=\"1685\">Gracias a la gesti\u00f3n \u00e1gil de los permisos municipales, pudo llevar a cabo su proyecto tal y como lo hab\u00eda imaginado, logrando una vivienda \u00fanica que <strong data-start=\"1641\" data-end=\"1682\">ha llamado la atenci\u00f3n de sus vecinos<\/strong>.<\/p>\n<h2><\/h2>\n<h2><strong>Retos conseguidos.<\/strong><\/h2>\n<p data-start=\"28\" data-end=\"237\">A lo largo del proceso, <strong data-start=\"52\" data-end=\"71\">Rosa y Eurocasa<\/strong> afrontaron distintos desaf\u00edos para hacer realidad su <strong data-start=\"125\" data-end=\"160\">casa prefabricada en Valladolid<\/strong>, logrando una vivienda totalmente adaptada a sus necesidades y al entorno.<\/p>\n<ul>\n<li data-start=\"239\" data-end=\"795\"><strong data-start=\"241\" data-end=\"267\">Personalizaci\u00f3n total:<\/strong> Aunque el modelo <strong data-start=\"285\" data-end=\"308\">Gran Villa Especial<\/strong> ya contaba con una distribuci\u00f3n optimizada, Rosa quer\u00eda que su casa reflejara su estilo y necesidades. Uno de sus imprescindibles era una <strong data-start=\"447\" data-end=\"466\">despensa amplia<\/strong>, ya que para ella el almacenamiento era clave. Adem\u00e1s, buscaba un dise\u00f1o que permitiera <strong data-start=\"555\" data-end=\"576\">espacios abiertos<\/strong>, pero con la opci\u00f3n de independizar algunas zonas cuando fuera necesario. Para ello, se incorporaron <strong data-start=\"678\" data-end=\"709\">puertas correderas a medida<\/strong>, que se integran con el resto de la decoraci\u00f3n, manteniendo la fluidez del espacio.<\/li>\n<li data-start=\"239\" data-end=\"795\"><strong data-start=\"799\" data-end=\"824\">Aislamiento superior:<\/strong> Al estar ubicada en un pueblo con inviernos fr\u00edos y veranos calurosos, el aislamiento fue un aspecto prioritario. Eurocasa incluy\u00f3 <strong data-start=\"956\" data-end=\"1003\">ventanas de triple cristal con doble c\u00e1mara<\/strong> y <strong data-start=\"1006\" data-end=\"1028\">paredes reforzadas<\/strong> para maximizar la eficiencia energ\u00e9tica. La aerotermia, junto con su <strong data-start=\"1098\" data-end=\"1119\">estufa de pellets<\/strong>, garantiza una temperatura \u00f3ptima todo el a\u00f1o, permiti\u00e9ndole reducir el consumo energ\u00e9tico.<\/li>\n<li data-start=\"239\" data-end=\"795\"><strong data-start=\"1217\" data-end=\"1255\">Ampliaci\u00f3n de espacios exteriores:<\/strong> La casa inclu\u00eda un porche est\u00e1ndar, pero Rosa decidi\u00f3 <strong data-start=\"1310\" data-end=\"1323\">ampliarlo<\/strong> para aprovechar mejor el entorno. Ahora, este espacio es su rinc\u00f3n favorito en verano, donde disfruta de los desayunos al aire libre y las reuniones con amigos.<\/li>\n<li data-start=\"239\" data-end=\"795\"><strong data-start=\"1490\" data-end=\"1521\">Integraci\u00f3n con el entorno:<\/strong> Al tratarse de una zona con una arquitectura tradicional, Rosa quer\u00eda que su casa mantuviera la est\u00e9tica del pueblo. Opt\u00f3 por una <strong data-start=\"1652\" data-end=\"1701\">fachada granate con detalles en m\u00e1rmol blanco<\/strong>, un dise\u00f1o que armoniza con el entorno y ha sido muy bien recibido por los vecinos.<\/li>\n<\/ul>\n<p data-start=\"1789\" data-end=\"1935\" data-is-last-node=\"\" data-is-only-node=\"\">Gracias a la combinaci\u00f3n de estos elementos, Rosa logr\u00f3 un hogar funcional, acogedor y eficiente, que se adapta perfectamente a su estilo de vida.<\/p>\n<div id='gallery-2' class='gallery galleryid-38598 gallery-columns-3 gallery-size-large'><figure class='gallery-item'>\n\t\t\t<div class='gallery-icon landscape'>\n\t\t\t\t<img decoding=\"async\" width=\"640\" height=\"360\" src=\"https:\/\/eurocasas.com\/wp-content\/uploads\/2025\/02\/caso_exito_valladolid_8-1024x576.webp\" class=\"attachment-large size-large\" alt=\"\" aria-describedby=\"gallery-2-38605\" srcset=\"https:\/\/eurocasas.com\/wp-content\/uploads\/2025\/02\/caso_exito_valladolid_8-1024x576.webp 1024w, https:\/\/eurocasas.com\/wp-content\/uploads\/2025\/02\/caso_exito_valladolid_8-300x169.webp 300w, https:\/\/eurocasas.com\/wp-content\/uploads\/2025\/02\/caso_exito_valladolid_8-768x432.webp 768w, https:\/\/eurocasas.com\/wp-content\/uploads\/2025\/02\/caso_exito_valladolid_8.webp 1200w\" sizes=\"(max-width: 640px) 100vw, 640px\" \/>\n\t\t\t<\/div>\n\t\t\t\t<figcaption class='wp-caption-text gallery-caption' id='gallery-2-38605'>\n\t\t\t\tAcabado exterior granate\n\t\t\t\t<\/figcaption><\/figure><figure class='gallery-item'>\n\t\t\t<div class='gallery-icon landscape'>\n\t\t\t\t<img decoding=\"async\" width=\"640\" height=\"360\" src=\"https:\/\/eurocasas.com\/wp-content\/uploads\/2025\/02\/caso_exito_valladolid_4-1024x576.webp\" class=\"attachment-large size-large\" alt=\"\" aria-describedby=\"gallery-2-38611\" srcset=\"https:\/\/eurocasas.com\/wp-content\/uploads\/2025\/02\/caso_exito_valladolid_4-1024x576.webp 1024w, https:\/\/eurocasas.com\/wp-content\/uploads\/2025\/02\/caso_exito_valladolid_4-300x169.webp 300w, https:\/\/eurocasas.com\/wp-content\/uploads\/2025\/02\/caso_exito_valladolid_4-768x432.webp 768w, https:\/\/eurocasas.com\/wp-content\/uploads\/2025\/02\/caso_exito_valladolid_4.webp 1200w\" sizes=\"(max-width: 640px) 100vw, 640px\" \/>\n\t\t\t<\/div>\n\t\t\t\t<figcaption class='wp-caption-text gallery-caption' id='gallery-2-38611'>\n\t\t\t\tHabitaciones \n\t\t\t\t<\/figcaption><\/figure>\n\t\t<\/div>\n\n<h2><strong>Videotour por la vivienda.<\/strong><\/h2>\n<p data-start=\"2361\" data-end=\"2687\">Rosa nos invita a recorrer su casa prefabricada en Valladolid, donde cada detalle ha sido dise\u00f1ado pensando en la comodidad. Su <strong data-start=\"2493\" data-end=\"2524\">sal\u00f3n con estufa de pellets<\/strong>, que calienta toda la casa en poco tiempo, y su <strong data-start=\"2573\" data-end=\"2592\">porche ampliado<\/strong>, ideal para disfrutar de los desayunos al aire libre, son algunos de sus rincones favoritos.<\/p>\n<p data-start=\"2689\" data-end=\"2843\">Gracias a su gran satisfacci\u00f3n, Rosa ha recomendado Eurocasa a sus amigos y conocidos, destacando la facilidad del proceso y la calidad de los acabados.<\/p>\n<p><iframe title=\"YouTube video player\" src=\"https:\/\/www.youtube.com\/embed\/9XNNUoNq-Xs?si=0oeqKrjdXq-um4ZR\" width=\"560\" height=\"315\" frameborder=\"0\" allowfullscreen=\"allowfullscreen\"><\/iframe><\/p>\n<p>&nbsp;<\/p>\n<p data-start=\"2918\" data-end=\"3259\">La experiencia de Rosa demuestra que una <strong data-start=\"2959\" data-end=\"2994\">c<\/strong>asa prefabricada en Valladolid puede ofrecer todas las ventajas de una construcci\u00f3n tradicional con <strong data-start=\"3064\" data-end=\"3111\">mayor rapidez, eficiencia y personalizaci\u00f3n<\/strong>. Su <strong data-start=\"3116\" data-end=\"3139\">Gran Villa Especial<\/strong> no solo cumple con sus expectativas, sino que ha mejorado su calidad de vida con un dise\u00f1o pensado para el d\u00eda a d\u00eda.<\/p>\n<p data-start=\"3261\" data-end=\"3375\">Si est\u00e1s buscando una vivienda moderna, eficiente y adaptada a tus necesidades, <strong data-start=\"3341\" data-end=\"3372\">Eurocasa es tu mejor opci\u00f3n<\/strong>.<\/p>\n<p>\ud83d\udcf2 <strong data-start=\"3380\" data-end=\"3394\">Wasapeanos<\/strong>: 629 71 37 94<br data-start=\"3408\" data-end=\"3411\" \/>\ud83d\udcde <strong data-start=\"3414\" data-end=\"3426\">Ll\u00e1manos<\/strong>: 947 47 30 74<br data-start=\"3440\" data-end=\"3443\" \/>\ud83d\udce7 <strong data-start=\"3446\" data-end=\"3460\">Escr\u00edbenos<\/strong>: <a rel=\"noopener\" data-start=\"3462\" data-end=\"3484\">contacto@eurocasas.com<\/a><br data-start=\"3484\" data-end=\"3487\" \/>\ud83c\udf10 <strong data-start=\"3490\" data-end=\"3518\">Vis\u00edtanos en nuestra web<\/strong>: <a href=\"https:\/\/eurocasas.com\/en\/\" target=\"_new\" rel=\"noopener\" data-start=\"3520\" data-end=\"3565\">www.eurocasas.com<\/a><br data-start=\"3565\" data-end=\"3568\" \/>\ud83d\ude09 <strong data-start=\"3571\" data-end=\"3599\">Ven a nuestra exposici\u00f3n<\/strong>: C. Merindad de Sotoscueva, 8, 09001, Burgos.<\/p>","protected":false},"excerpt":{"rendered":"<p>Rosa so\u00f1aba con una vivienda tradicional hasta que descubri\u00f3 las ventajas de una casa prefabricada en Valladolid con Eurocasa. \u00a1Descubre su experiencia!<\/p>","protected":false},"author":1,"featured_media":40209,"comment_status":"closed","ping_status":"open","sticky":false,"template":"","format":"image","meta":{"footnotes":""},"categories":[61,310,309],"tags":[],"post_folder":[],"_links":{"self":[{"href":"https:\/\/eurocasas.com\/en\/wp-json\/wp\/v2\/posts\/38598"}],"collection":[{"href":"https:\/\/eurocasas.com\/en\/wp-json\/wp\/v2\/posts"}],"about":[{"href":"https:\/\/eurocasas.com\/en\/wp-json\/wp\/v2\/types\/post"}],"author":[{"embeddable":true,"href":"https:\/\/eurocasas.com\/en\/wp-json\/wp\/v2\/users\/1"}],"replies":[{"embeddable":true,"href":"https:\/\/eurocasas.com\/en\/wp-json\/wp\/v2\/comments?post=38598"}],"version-history":[{"count":13,"href":"https:\/\/eurocasas.com\/en\/wp-json\/wp\/v2\/posts\/38598\/revisions"}],"predecessor-version":[{"id":40210,"href":"https:\/\/eurocasas.com\/en\/wp-json\/wp\/v2\/posts\/38598\/revisions\/40210"}],"wp:featuredmedia":[{"embeddable":true,"href":"https:\/\/eurocasas.com\/en\/wp-json\/wp\/v2\/media\/40209"}],"wp:attachment":[{"href":"https:\/\/eurocasas.com\/en\/wp-json\/wp\/v2\/media?parent=38598"}],"wp:term":[{"taxonomy":"category","embeddable":true,"href":"https:\/\/eurocasas.com\/en\/wp-json\/wp\/v2\/categories?post=38598"},{"taxonomy":"post_tag","embeddable":true,"href":"https:\/\/eurocasas.com\/en\/wp-json\/wp\/v2\/tags?post=38598"},{"taxonomy":"post_folder","embeddable":true,"href":"https:\/\/eurocasas.com\/en\/wp-json\/wp\/v2\/post_folder?post=38598"}],"curies":[{"name":"wp","href":"https:\/\/api.w.org\/{rel}","templated":true}]}}