{"id":38894,"date":"2025-03-31T13:19:47","date_gmt":"2025-03-31T13:19:47","guid":{"rendered":"https:\/\/eurocasas.com\/?p=38894"},"modified":"2025-07-31T14:58:25","modified_gmt":"2025-07-31T14:58:25","slug":"casas-prefabricadas-modulares-consumo","status":"publish","type":"post","link":"https:\/\/eurocasas.com\/en\/casas-prefabricadas-modulares-consumo\/","title":{"rendered":"Descubre c\u00f3mo las casas prefabricadas modulares pueden ayudarte a ahorrar energ\u00eda en 2025"},"content":{"rendered":"<h1 class=\"\" data-start=\"182\" data-end=\"273\">Descubre c\u00f3mo las casas prefabricadas modulares pueden ayudarte a ahorrar energ\u00eda en 2025<\/h1>\n<p class=\"\" data-start=\"275\" data-end=\"675\">Las<a href=\"https:\/\/eurocasas.com\/en\/casas-prefabricadas\/\"> <strong data-start=\"279\" data-end=\"312\">casas prefabricadas modulares<\/strong><\/a> est\u00e1n revolucionando el sector de la vivienda por su rapidez de construcci\u00f3n, su dise\u00f1o flexible y, sobre todo, por su <strong data-start=\"432\" data-end=\"457\">eficiencia energ\u00e9tica<\/strong>. En un momento en el que la sostenibilidad es una prioridad global, este tipo de vivienda se presenta como una opci\u00f3n inteligente para quienes desean reducir su impacto ambiental y ahorrar en sus facturas energ\u00e9ticas.<\/p>\n<p class=\"\" data-start=\"677\" data-end=\"803\">A continuaci\u00f3n, exploramos las claves por las que las casas prefabricadas modulares son aliadas del ahorro energ\u00e9tico en 2025.<\/p>\n<h2 class=\"\" data-start=\"805\" data-end=\"862\">Aislamiento t\u00e9rmico: la base de una vivienda eficiente<\/h2>\n<p class=\"\" data-start=\"864\" data-end=\"1166\">Uno de los factores m\u00e1s determinantes para optimizar el consumo energ\u00e9tico en el hogar es el <strong data-start=\"957\" data-end=\"980\">aislamiento t\u00e9rmico<\/strong>. Las casas prefabricadas modulares incorporan materiales como la lana de roca, el poliuretano o la fibra de madera, que mejoran significativamente el rendimiento t\u00e9rmico de la vivienda. Este tipo de aislamiento reduce al m\u00ednimo las p\u00e9rdidas de calor en invierno y ayuda a mantener una temperatura interior agradable durante los meses de verano. De esta manera, se reduce la necesidad de utilizar sistemas de calefacci\u00f3n o refrigeraci\u00f3n, logrando un <strong data-start=\"1431\" data-end=\"1468\">ahorro energ\u00e9tico de hasta el 30%<\/strong> en climatizaci\u00f3n.<\/p>\n<p class=\"\" data-start=\"1488\" data-end=\"1699\">Adem\u00e1s, estas viviendas suelen incluir <strong data-start=\"1527\" data-end=\"1565\">ventanas con doble acristalamiento<\/strong> y carpinter\u00eda con <strong data-start=\"1584\" data-end=\"1612\">rotura de puente t\u00e9rmico<\/strong>, elementos que complementan el aislamiento y aumentan la eficiencia general del hogar.<\/p>\n<div id='gallery-1' class='gallery galleryid-38894 gallery-columns-3 gallery-size-large'><figure class='gallery-item'>\n\t\t\t<div class='gallery-icon landscape'>\n\t\t\t\t<a href='https:\/\/eurocasas.com\/en\/vivienda-prefabricada-en-madrid\/salon-cocina_2\/'><img decoding=\"async\" width=\"640\" height=\"349\" src=\"https:\/\/eurocasas.com\/wp-content\/uploads\/2024\/09\/salon-cocina_2-e1743424255154-1024x559.webp\" class=\"attachment-large size-large\" alt=\"\" aria-describedby=\"gallery-1-36339\" srcset=\"https:\/\/eurocasas.com\/wp-content\/uploads\/2024\/09\/salon-cocina_2-e1743424255154-1024x559.webp 1024w, https:\/\/eurocasas.com\/wp-content\/uploads\/2024\/09\/salon-cocina_2-e1743424255154-300x164.webp 300w, https:\/\/eurocasas.com\/wp-content\/uploads\/2024\/09\/salon-cocina_2-e1743424255154-768x419.webp 768w, https:\/\/eurocasas.com\/wp-content\/uploads\/2024\/09\/salon-cocina_2-e1743424255154.webp 1100w\" sizes=\"(max-width: 640px) 100vw, 640px\" \/><\/a>\n\t\t\t<\/div>\n\t\t\t\t<figcaption class='wp-caption-text gallery-caption' id='gallery-1-36339'>\n\t\t\t\tAprovechamiento del espacio\n\t\t\t\t<\/figcaption><\/figure><figure class='gallery-item'>\n\t\t\t<div class='gallery-icon landscape'>\n\t\t\t\t<a href='https:\/\/eurocasas.com\/en\/casa-prefabricada-en-soria\/caso_exito_duruelo_5\/'><img decoding=\"async\" width=\"640\" height=\"338\" src=\"https:\/\/eurocasas.com\/wp-content\/uploads\/2025\/01\/caso_exito_duruelo_5-1024x540.webp\" class=\"attachment-large size-large\" alt=\"casas prefabricada en Soria del Grupo Eurocasa\" aria-describedby=\"gallery-1-38344\" srcset=\"https:\/\/eurocasas.com\/wp-content\/uploads\/2025\/01\/caso_exito_duruelo_5-1024x540.webp 1024w, https:\/\/eurocasas.com\/wp-content\/uploads\/2025\/01\/caso_exito_duruelo_5-300x158.webp 300w, https:\/\/eurocasas.com\/wp-content\/uploads\/2025\/01\/caso_exito_duruelo_5-768x405.webp 768w, https:\/\/eurocasas.com\/wp-content\/uploads\/2025\/01\/caso_exito_duruelo_5-e1743426776261.webp 1137w\" sizes=\"(max-width: 640px) 100vw, 640px\" \/><\/a>\n\t\t\t<\/div>\n\t\t\t\t<figcaption class='wp-caption-text gallery-caption' id='gallery-1-38344'>\n\t\t\t\tMuebles a medida\n\t\t\t\t<\/figcaption><\/figure><figure class='gallery-item'>\n\t\t\t<div class='gallery-icon landscape'>\n\t\t\t\t<a href='https:\/\/eurocasas.com\/en\/clientes-paco-y-ana\/caso_exito_prefabricada_2\/'><img decoding=\"async\" width=\"640\" height=\"360\" src=\"https:\/\/eurocasas.com\/wp-content\/uploads\/2024\/04\/caso_exito_prefabricada_2-1024x576.jpg\" class=\"attachment-large size-large\" alt=\"\" aria-describedby=\"gallery-1-32420\" srcset=\"https:\/\/eurocasas.com\/wp-content\/uploads\/2024\/04\/caso_exito_prefabricada_2-1024x576.jpg 1024w, https:\/\/eurocasas.com\/wp-content\/uploads\/2024\/04\/caso_exito_prefabricada_2-300x169.jpg 300w, https:\/\/eurocasas.com\/wp-content\/uploads\/2024\/04\/caso_exito_prefabricada_2-768x432.jpg 768w, https:\/\/eurocasas.com\/wp-content\/uploads\/2024\/04\/caso_exito_prefabricada_2-1536x864.jpg 1536w, https:\/\/eurocasas.com\/wp-content\/uploads\/2024\/04\/caso_exito_prefabricada_2-e1743426630724.jpg 1067w\" sizes=\"(max-width: 640px) 100vw, 640px\" \/><\/a>\n\t\t\t<\/div>\n\t\t\t\t<figcaption class='wp-caption-text gallery-caption' id='gallery-1-32420'>\n\t\t\t\tGran luminosidad\n\t\t\t\t<\/figcaption><\/figure>\n\t\t<\/div>\n\n<p>&nbsp;<\/p>\n<h2 class=\"\" data-start=\"1701\" data-end=\"1757\">Iluminaci\u00f3n LED: una decisi\u00f3n que marca la diferencia<\/h2>\n<p class=\"\" data-start=\"1759\" data-end=\"2046\">El sistema de iluminaci\u00f3n de las <strong data-start=\"1792\" data-end=\"1825\">casas prefabricadas modulares<\/strong> tambi\u00e9n contribuye al ahorro energ\u00e9tico. La instalaci\u00f3n de <strong data-start=\"1885\" data-end=\"1898\">luces LED<\/strong> en todas las estancias es una medida cada vez m\u00e1s com\u00fan que permite reducir el consumo el\u00e9ctrico en hasta un 80% frente a bombillas incandescentes.<\/p>\n<p class=\"\" data-start=\"2048\" data-end=\"2243\">Adem\u00e1s de consumir menos energ\u00eda, las bombillas LED tienen una vida \u00fatil mucho mayor, lo que significa menos reemplazos, menos residuos y un mantenimiento pr\u00e1cticamente inexistente a largo plazo.<\/p>\n<h2 class=\"\" data-start=\"2245\" data-end=\"2313\">Integraci\u00f3n de energ\u00edas renovables: hacia una casa autosuficiente<\/h2>\n<ul data-start=\"2713\" data-end=\"2969\">\n<li data-start=\"2881\" data-end=\"2969\">\n<p class=\"\" data-start=\"2315\" data-end=\"2590\">Otro de los grandes beneficios de las <strong data-start=\"2353\" data-end=\"2386\">casas prefabricadas modulares<\/strong> es la facilidad con la que pueden adaptarse para integrar <strong data-start=\"2445\" data-end=\"2468\">energ\u00edas renovables<\/strong>. Esto permite a los propietarios optar por sistemas que reducen su dependencia de fuentes convencionales y contaminantes.<\/p>\n<p class=\"\" data-start=\"2592\" data-end=\"2634\">Entre las soluciones m\u00e1s habituales est\u00e1n:<\/p>\n<ul data-start=\"2636\" data-end=\"2981\">\n<li class=\"\" data-start=\"2636\" data-end=\"2727\">\n<p class=\"\" data-start=\"2638\" data-end=\"2727\"><strong data-start=\"2640\" data-end=\"2672\">Placas solares fotovoltaicas<\/strong>: generan electricidad aprovechando la radiaci\u00f3n solar.<\/p>\n<\/li>\n<li class=\"\" data-start=\"2728\" data-end=\"2859\">\n<p class=\"\" data-start=\"2730\" data-end=\"2859\"><strong data-start=\"2732\" data-end=\"2746\">Aerotermia<\/strong>: extrae energ\u00eda del aire exterior para calefacci\u00f3n, refrigeraci\u00f3n y agua caliente sanitaria con alta eficiencia.<\/p>\n<\/li>\n<li class=\"\" data-start=\"2860\" data-end=\"2981\">\n<p class=\"\" data-start=\"2862\" data-end=\"2981\"><strong data-start=\"2864\" data-end=\"2894\">Bater\u00edas de almacenamiento<\/strong>: permiten guardar la energ\u00eda generada para su uso posterior, incluso en horas sin sol.<\/p>\n<\/li>\n<\/ul>\n<p>&nbsp;<\/p>\n<p><figure id=\"attachment_29437\" aria-describedby=\"caption-attachment-29437\" style=\"width: 1021px\" class=\"wp-caption aligncenter\"><img decoding=\"async\" class=\"wp-image-29437 size-full\" src=\"https:\/\/eurocasas.com\/wp-content\/uploads\/2024\/01\/mejor-casa-prefabricada-eurocasa-mod-l3.jpg\" alt=\"Vivienda modular o prefabricada MOD L3\" width=\"1021\" height=\"520\" srcset=\"https:\/\/eurocasas.com\/wp-content\/uploads\/2024\/01\/mejor-casa-prefabricada-eurocasa-mod-l3.jpg 1021w, https:\/\/eurocasas.com\/wp-content\/uploads\/2024\/01\/mejor-casa-prefabricada-eurocasa-mod-l3-300x153.jpg 300w, https:\/\/eurocasas.com\/wp-content\/uploads\/2024\/01\/mejor-casa-prefabricada-eurocasa-mod-l3-768x391.jpg 768w\" sizes=\"(max-width: 1021px) 100vw, 1021px\" \/><figcaption id=\"caption-attachment-29437\" class=\"wp-caption-text\">Vivienda modular o prefabricada <a href=\"https:\/\/www.youtube.com\/watch?v=-PpX2jCBSOc\" target=\"_blank\" rel=\"noopener\">MOD L3<\/a><\/figcaption><\/figure><\/li>\n<\/ul>\n<p>&nbsp;<\/p>\n<p>Estos sistemas pueden combinarse y dimensionarse seg\u00fan las necesidades del hogar y su ubicaci\u00f3n, lo que permite a muchas familias acercarse a la <strong data-start=\"3128\" data-end=\"3158\">autosuficiencia energ\u00e9tica<\/strong>.<\/p>\n<h2 class=\"\" data-start=\"3161\" data-end=\"3223\">Casas prefabricadas modulares con calificaci\u00f3n energ\u00e9tica A<\/h2>\n<p class=\"\" data-start=\"3901\" data-end=\"4190\">Optar por una <strong data-start=\"3915\" data-end=\"3944\">casa prefabricada modular<\/strong> es apostar por una forma de vida m\u00e1s sostenible y responsable. Al reducir el consumo energ\u00e9tico y las emisiones de CO\u2082, no solo se disminuye el impacto ambiental, sino que tambi\u00e9n se genera un ahorro econ\u00f3mico considerable a medio y largo plazo.<\/p>\n<p class=\"\" data-start=\"4192\" data-end=\"4363\">Adem\u00e1s, este tipo de viviendas son una excelente respuesta ante el creciente coste de la energ\u00eda y la necesidad de aplicar soluciones de bajo consumo en todos los niveles.<\/p>\n<p><iframe title=\"Proceso de fabricaci\u00f3n para construcciones modulares\" width=\"640\" height=\"360\" src=\"https:\/\/www.youtube.com\/embed\/lYxnB6-i2-8?feature=oembed\" frameborder=\"0\" allow=\"accelerometer; autoplay; clipboard-write; encrypted-media; gyroscope; picture-in-picture; web-share\" referrerpolicy=\"strict-origin-when-cross-origin\" allowfullscreen><\/iframe><\/p>\n<h2 class=\"\" data-start=\"4365\" data-end=\"4426\">Conclusi\u00f3n: eficiencia energ\u00e9tica como est\u00e1ndar de calidad<\/h2>\n<p class=\"\" data-start=\"4428\" data-end=\"4725\">Las <strong data-start=\"4432\" data-end=\"4465\">casas prefabricadas modulares<\/strong> ofrecen una soluci\u00f3n habitacional moderna, eficiente y respetuosa con el medioambiente. Gracias a su excelente aislamiento, iluminaci\u00f3n eficiente e integraci\u00f3n de energ\u00edas renovables, estas viviendas representan una inversi\u00f3n inteligente para 2025 y m\u00e1s all\u00e1.<\/p>\n<p class=\"\" data-start=\"4727\" data-end=\"4879\">Si est\u00e1s buscando una casa que combine <strong data-start=\"4766\" data-end=\"4805\">dise\u00f1o, confort y ahorro energ\u00e9tico<\/strong>, las casas prefabricadas modulares son una alternativa s\u00f3lida y vers\u00e1til.<\/p>\n<h2 data-start=\"5005\" data-end=\"5049\"><strong data-start=\"5009\" data-end=\"5047\">\u00bfQuieres saber m\u00e1s sobre el Grupo Eurocasa?<\/strong><\/h2>\n<p data-start=\"5051\" data-end=\"5228\">Si quieres conocer c\u00f3mo la digitalizaci\u00f3n est\u00e1 revolucionando la industria de las casas prefabricadas y descubrir nuestras soluciones innovadoras, contacta con nuestro equipo.<\/p>\n<p data-start=\"5230\" data-end=\"5498\" data-is-last-node=\"\" data-is-only-node=\"\">\ud83d\udcf2 <strong data-start=\"5233\" data-end=\"5247\">Wasapeanos<\/strong>: 629 71 37 94<br data-start=\"5261\" data-end=\"5264\" \/>\ud83d\udcde <strong data-start=\"5267\" data-end=\"5279\">Ll\u00e1manos<\/strong>: 947 47 30 74<br data-start=\"5293\" data-end=\"5296\" \/>\ud83d\udce7 <strong data-start=\"5299\" data-end=\"5313\">Escr\u00edbenos<\/strong>: <a rel=\"noopener\" data-start=\"5315\" data-end=\"5337\">contacto@eurocasas.com<\/a><br data-start=\"5418\" data-end=\"5421\" \/>\ud83d\ude09 <strong data-start=\"5424\" data-end=\"5452\">Ven a nuestra exposici\u00f3n<\/strong>: C. Merindad de Sotoscueva, 8, 09001, Burgos.<\/p>","protected":false},"excerpt":{"rendered":"<p>Gracias a su excelente aislamiento t\u00e9rmico, el uso de iluminaci\u00f3n LED y la posibilidad de integrar energ\u00edas renovables como aerotermia o placas solares, este tipo de vivienda permite reducir el consumo energ\u00e9tico y ahorrar en las facturas del hogar.<\/p>","protected":false},"author":1,"featured_media":15034,"comment_status":"closed","ping_status":"open","sticky":false,"template":"","format":"image","meta":{"footnotes":""},"categories":[306,61],"tags":[],"post_folder":[],"_links":{"self":[{"href":"https:\/\/eurocasas.com\/en\/wp-json\/wp\/v2\/posts\/38894"}],"collection":[{"href":"https:\/\/eurocasas.com\/en\/wp-json\/wp\/v2\/posts"}],"about":[{"href":"https:\/\/eurocasas.com\/en\/wp-json\/wp\/v2\/types\/post"}],"author":[{"embeddable":true,"href":"https:\/\/eurocasas.com\/en\/wp-json\/wp\/v2\/users\/1"}],"replies":[{"embeddable":true,"href":"https:\/\/eurocasas.com\/en\/wp-json\/wp\/v2\/comments?post=38894"}],"version-history":[{"count":1,"href":"https:\/\/eurocasas.com\/en\/wp-json\/wp\/v2\/posts\/38894\/revisions"}],"predecessor-version":[{"id":38895,"href":"https:\/\/eurocasas.com\/en\/wp-json\/wp\/v2\/posts\/38894\/revisions\/38895"}],"wp:featuredmedia":[{"embeddable":true,"href":"https:\/\/eurocasas.com\/en\/wp-json\/wp\/v2\/media\/15034"}],"wp:attachment":[{"href":"https:\/\/eurocasas.com\/en\/wp-json\/wp\/v2\/media?parent=38894"}],"wp:term":[{"taxonomy":"category","embeddable":true,"href":"https:\/\/eurocasas.com\/en\/wp-json\/wp\/v2\/categories?post=38894"},{"taxonomy":"post_tag","embeddable":true,"href":"https:\/\/eurocasas.com\/en\/wp-json\/wp\/v2\/tags?post=38894"},{"taxonomy":"post_folder","embeddable":true,"href":"https:\/\/eurocasas.com\/en\/wp-json\/wp\/v2\/post_folder?post=38894"}],"curies":[{"name":"wp","href":"https:\/\/api.w.org\/{rel}","templated":true}]}}