{"id":40196,"date":"2025-07-10T09:34:22","date_gmt":"2025-07-10T09:34:22","guid":{"rendered":"https:\/\/eurocasas.com\/?p=40196"},"modified":"2025-07-31T14:57:34","modified_gmt":"2025-07-31T14:57:34","slug":"vivienda-modular-en-burgos","status":"publish","type":"post","link":"https:\/\/eurocasas.com\/en\/vivienda-modular-en-burgos\/","title":{"rendered":"Una vivienda modular en Burgos que super\u00f3 todas las expectativas"},"content":{"rendered":"<h1 style=\"text-align: center;\" data-start=\"243\" data-end=\"343\">Una vivienda modular en Burgos que cambi\u00f3 una vida<\/h1>\n<h2 style=\"text-align: center;\" data-start=\"243\" data-end=\"343\">El caso de \u00e9xito de Octavio en Aranda de Duero<\/h2>\n<h2 data-start=\"345\" data-end=\"388\">Elegir Eurocasa: una decisi\u00f3n con visi\u00f3n<\/h2>\n<p data-start=\"390\" data-end=\"866\">En el coraz\u00f3n de Aranda de Duero, en plena provincia de Burgos, Octavio y su familia dieron un paso clave para transformar su forma de vivir. La historia comienza como la de muchas familias: viv\u00edan de alquiler mientras pose\u00edan un terreno en un peque\u00f1o pueblo cercano. El deseo de establecerse de forma definitiva, con rapidez y sin complicaciones, les llev\u00f3 a descubrir una alternativa innovadora y eficiente: una vivienda modular en Burgos ofrecida por el Grupo Eurocasa.<\/p>\n<p data-start=\"868\" data-end=\"1322\"><img decoding=\"async\" class=\"aligncenter wp-image-40222 size-large\" src=\"https:\/\/eurocasas.com\/wp-content\/uploads\/2025\/07\/casoExito_fresnillo_8-1024x540.webp\" alt=\"\" width=\"1024\" height=\"540\" srcset=\"https:\/\/eurocasas.com\/wp-content\/uploads\/2025\/07\/casoExito_fresnillo_8-1024x540.webp 1024w, https:\/\/eurocasas.com\/wp-content\/uploads\/2025\/07\/casoExito_fresnillo_8-300x158.webp 300w, https:\/\/eurocasas.com\/wp-content\/uploads\/2025\/07\/casoExito_fresnillo_8-768x405.webp 768w, https:\/\/eurocasas.com\/wp-content\/uploads\/2025\/07\/casoExito_fresnillo_8-18x9.webp 18w, https:\/\/eurocasas.com\/wp-content\/uploads\/2025\/07\/casoExito_fresnillo_8-24x13.webp 24w, https:\/\/eurocasas.com\/wp-content\/uploads\/2025\/07\/casoExito_fresnillo_8-36x19.webp 36w, https:\/\/eurocasas.com\/wp-content\/uploads\/2025\/07\/casoExito_fresnillo_8-48x25.webp 48w, https:\/\/eurocasas.com\/wp-content\/uploads\/2025\/07\/casoExito_fresnillo_8.webp 1517w\" sizes=\"(max-width: 1024px) 100vw, 1024px\" \/><\/p>\n<p data-start=\"868\" data-end=\"1322\">Al visitar la exposici\u00f3n de Eurocasa, se enamoraron del <a href=\"https:\/\/eurocasas.com\/en\/vivienda-prefabricada-gran-villa\/\">modelo <strong data-start=\"945\" data-end=\"968\">Gran Villa Especial<\/strong><\/a>. Les encant\u00f3 su estilo, su funcionalidad y, sobre todo, las posibilidades de personalizaci\u00f3n. \u201c<strong><em>Nos encantaron pr\u00e1cticamente todas las casas que vimos<\/em><\/strong>\u201d, cuenta Octavio. \u201c<em><strong>Ten\u00edamos claro que quer\u00edamos una soluci\u00f3n r\u00e1pida, pero que no sacrificara la calidad ni el confort.<\/strong><\/em>\u201d<\/p>\n<h2 data-start=\"1324\" data-end=\"1370\">Una elecci\u00f3n basada en resultados concretos<\/h2>\n<p data-start=\"1372\" data-end=\"1480\">\u00bfPor qu\u00e9 elegir una <strong data-start=\"1392\" data-end=\"1422\">vivienda modular en Burgos<\/strong> con Eurocasa? Octavio lo resume en varias razones claras:<\/p>\n<ul data-start=\"1482\" data-end=\"2547\">\n<li data-start=\"1482\" data-end=\"1704\">\n<p data-start=\"1484\" data-end=\"1704\"><strong data-start=\"1484\" data-end=\"1506\">Rapidez de entrega<\/strong>: el proceso de instalaci\u00f3n completo se realiz\u00f3 en apenas d\u00eda y medio. Desde el ensamblaje hasta la entrega de llaves, la familia pudo mudarse con todos los servicios conectados en cuesti\u00f3n de d\u00edas.<\/p>\n<\/li>\n<li data-start=\"1705\" data-end=\"1866\">\n<p data-start=\"1707\" data-end=\"1866\"><strong data-start=\"1707\" data-end=\"1747\">Acabados completos y de alta calidad<\/strong>: la casa se entreg\u00f3 con cocina montada, ba\u00f1os completos, muebles, armarios, colchones, iluminaci\u00f3n e incluso cortinas.<\/p>\n<\/li>\n<li data-start=\"1867\" data-end=\"2210\">\n<p data-start=\"1869\" data-end=\"2210\"><strong data-start=\"1869\" data-end=\"1908\">Aislamiento y eficiencia energ\u00e9tica<\/strong>: el principal diferencial frente a opciones m\u00e1s baratas fue la garant\u00eda de un aislamiento pensado para climas fr\u00edos, ideal para resistir los inviernos de Burgos. Incluso durante la hist\u00f3rica nevada de Filomena, las casas expuestas demostraron mantener temperaturas confortables sin calefacci\u00f3n activa.<\/p>\n<\/li>\n<li data-start=\"2211\" data-end=\"2547\">\n<p data-start=\"2213\" data-end=\"2547\"><strong data-start=\"2213\" data-end=\"2244\">Asesor\u00eda y gesti\u00f3n integral<\/strong>: desde los tr\u00e1mites urban\u00edsticos hasta la adecuaci\u00f3n del dise\u00f1o a la normativa local, todo fue coordinado por el equipo t\u00e9cnico de Eurocasa, incluyendo al arquitecto responsable que ajust\u00f3 detalles como los ventanales hasta el suelo para cumplir las normativas sin sacrificar est\u00e9tica ni funcionalidad.<\/p>\n<\/li>\n<\/ul>\n<h2 data-start=\"2549\" data-end=\"2579\">El hogar se dise\u00f1a en familia<\/h2>\n<p data-start=\"2581\" data-end=\"3037\">Lo m\u00e1s especial de esta historia es c\u00f3mo <strong>la familia particip\u00f3 activamente en el dise\u00f1o de su vivienda modular en Burgos<\/strong>. La hija mayor de Octavio se sent\u00f3 con el arquitecto y juntos dieron forma a cada detalle. Quer\u00edan una casa luminosa, sin largos pasillos, con puertas correderas, una cocina abierta con un gran arco, y sobre todo, una sensaci\u00f3n de amplitud que invitara a disfrutar en familia.<\/p>\n<div id='gallery-1' class='gallery galleryid-40196 gallery-columns-3 gallery-size-large'><figure class='gallery-item'>\n\t\t\t<div class='gallery-icon landscape'>\n\t\t\t\t<a href='https:\/\/eurocasas.com\/en\/vivienda-modular-en-burgos\/casoexito_fresnillo_5\/'><img decoding=\"async\" width=\"640\" height=\"338\" src=\"https:\/\/eurocasas.com\/wp-content\/uploads\/2025\/07\/casoExito_fresnillo_5-1024x540.webp\" class=\"attachment-large size-large\" alt=\"Octavio nos cuenta su experiencia con su nueva vivienda modular en Burgos\" aria-describedby=\"gallery-1-40219\" srcset=\"https:\/\/eurocasas.com\/wp-content\/uploads\/2025\/07\/casoExito_fresnillo_5-1024x540.webp 1024w, https:\/\/eurocasas.com\/wp-content\/uploads\/2025\/07\/casoExito_fresnillo_5-300x158.webp 300w, https:\/\/eurocasas.com\/wp-content\/uploads\/2025\/07\/casoExito_fresnillo_5-768x405.webp 768w, https:\/\/eurocasas.com\/wp-content\/uploads\/2025\/07\/casoExito_fresnillo_5-18x9.webp 18w, https:\/\/eurocasas.com\/wp-content\/uploads\/2025\/07\/casoExito_fresnillo_5-24x13.webp 24w, https:\/\/eurocasas.com\/wp-content\/uploads\/2025\/07\/casoExito_fresnillo_5-36x19.webp 36w, https:\/\/eurocasas.com\/wp-content\/uploads\/2025\/07\/casoExito_fresnillo_5-48x25.webp 48w, https:\/\/eurocasas.com\/wp-content\/uploads\/2025\/07\/casoExito_fresnillo_5.webp 1517w\" sizes=\"(max-width: 640px) 100vw, 640px\" \/><\/a>\n\t\t\t<\/div>\n\t\t\t\t<figcaption class='wp-caption-text gallery-caption' id='gallery-1-40219'>\n\t\t\t\tCocina conectada con el sal\u00f3n\n\t\t\t\t<\/figcaption><\/figure><figure class='gallery-item'>\n\t\t\t<div class='gallery-icon landscape'>\n\t\t\t\t<a href='https:\/\/eurocasas.com\/en\/vivienda-modular-en-burgos\/casoexito_fresnillo_4\/'><img decoding=\"async\" width=\"640\" height=\"338\" src=\"https:\/\/eurocasas.com\/wp-content\/uploads\/2025\/07\/casoExito_fresnillo_4-1024x540.webp\" class=\"attachment-large size-large\" alt=\"Octavio nos cuenta su experiencia con su nueva vivienda modular en Burgos\" aria-describedby=\"gallery-1-40218\" srcset=\"https:\/\/eurocasas.com\/wp-content\/uploads\/2025\/07\/casoExito_fresnillo_4-1024x540.webp 1024w, https:\/\/eurocasas.com\/wp-content\/uploads\/2025\/07\/casoExito_fresnillo_4-300x158.webp 300w, https:\/\/eurocasas.com\/wp-content\/uploads\/2025\/07\/casoExito_fresnillo_4-768x405.webp 768w, https:\/\/eurocasas.com\/wp-content\/uploads\/2025\/07\/casoExito_fresnillo_4-18x9.webp 18w, https:\/\/eurocasas.com\/wp-content\/uploads\/2025\/07\/casoExito_fresnillo_4-24x13.webp 24w, https:\/\/eurocasas.com\/wp-content\/uploads\/2025\/07\/casoExito_fresnillo_4-36x19.webp 36w, https:\/\/eurocasas.com\/wp-content\/uploads\/2025\/07\/casoExito_fresnillo_4-48x25.webp 48w, https:\/\/eurocasas.com\/wp-content\/uploads\/2025\/07\/casoExito_fresnillo_4.webp 1517w\" sizes=\"(max-width: 640px) 100vw, 640px\" \/><\/a>\n\t\t\t<\/div>\n\t\t\t\t<figcaption class='wp-caption-text gallery-caption' id='gallery-1-40218'>\n\t\t\t\tDistribuci\u00f3n sin pasillos\n\t\t\t\t<\/figcaption><\/figure><figure class='gallery-item'>\n\t\t\t<div class='gallery-icon landscape'>\n\t\t\t\t<a href='https:\/\/eurocasas.com\/en\/vivienda-modular-en-burgos\/casoexito_fresnillo_6\/'><img decoding=\"async\" width=\"640\" height=\"338\" src=\"https:\/\/eurocasas.com\/wp-content\/uploads\/2025\/07\/casoExito_fresnillo_6-1024x540.webp\" class=\"attachment-large size-large\" alt=\"Octavio nos cuenta su experiencia con su nueva vivienda modular en Burgos\" aria-describedby=\"gallery-1-40220\" srcset=\"https:\/\/eurocasas.com\/wp-content\/uploads\/2025\/07\/casoExito_fresnillo_6-1024x540.webp 1024w, https:\/\/eurocasas.com\/wp-content\/uploads\/2025\/07\/casoExito_fresnillo_6-300x158.webp 300w, https:\/\/eurocasas.com\/wp-content\/uploads\/2025\/07\/casoExito_fresnillo_6-768x405.webp 768w, https:\/\/eurocasas.com\/wp-content\/uploads\/2025\/07\/casoExito_fresnillo_6-18x9.webp 18w, https:\/\/eurocasas.com\/wp-content\/uploads\/2025\/07\/casoExito_fresnillo_6-24x13.webp 24w, https:\/\/eurocasas.com\/wp-content\/uploads\/2025\/07\/casoExito_fresnillo_6-36x19.webp 36w, https:\/\/eurocasas.com\/wp-content\/uploads\/2025\/07\/casoExito_fresnillo_6-48x25.webp 48w, https:\/\/eurocasas.com\/wp-content\/uploads\/2025\/07\/casoExito_fresnillo_6.webp 1517w\" sizes=\"(max-width: 640px) 100vw, 640px\" \/><\/a>\n\t\t\t<\/div>\n\t\t\t\t<figcaption class='wp-caption-text gallery-caption' id='gallery-1-40220'>\n\t\t\t\tHabitaciones con amplios armarios\n\t\t\t\t<\/figcaption><\/figure>\n\t\t<\/div>\n\n<p data-start=\"1676\" data-end=\"1987\">Y no fue solo un dise\u00f1o bonito: cuando se encontraron con una limitaci\u00f3n normativa sobre el tama\u00f1o de las ventanas, Eurocasa propuso una soluci\u00f3n creativa: ventanales de cristal hasta el suelo. Resultado: m\u00e1s luz natural, est\u00e9tica impecable y cumplimiento legal. Peque\u00f1os detalles que hacen grandes diferencias.<\/p>\n<h2 data-start=\"3395\" data-end=\"3443\">El proceso de montaje: precisi\u00f3n y eficiencia<\/h2>\n<p data-start=\"3445\" data-end=\"3917\">La ubicaci\u00f3n del proyecto presentaba desaf\u00edos log\u00edsticos: una carretera general, casas vecinas y cables el\u00e9ctricos. Sin embargo, el equipo de montaje de Eurocasa lo resolvi\u00f3 con absoluta solvencia. En una sola ma\u00f1ana, los m\u00f3dulos fueron descargados y ensamblados con gr\u00faa, pasando por encima de tejados sin generar molestias ni complicaciones. En menos de dos d\u00edas, Octavio y su familia recibieron las llaves de su nuevo hogar, completamente equipado y listo para habitar.<\/p>\n<h2 data-start=\"3919\" data-end=\"3964\">M\u00e1s que una casa: una experiencia completa<\/h2>\n<p data-start=\"3966\" data-end=\"4342\">La experiencia de Octavio va mucho m\u00e1s all\u00e1 del producto final. El <strong>acompa\u00f1amiento durante todo el proceso<\/strong> fue una de las claves para que todo resultara tan satisfactorio. <strong>Desde el dise\u00f1o inicial hasta la tramitaci\u00f3n de licencias urban\u00edsticas<\/strong>, gestiones bancarias e instalaci\u00f3n de servicios, el equipo de Eurocasa estuvo presente, resolviendo dudas y eliminando preocupaciones.<\/p>\n<div id='gallery-2' class='gallery galleryid-40196 gallery-columns-3 gallery-size-large'><figure class='gallery-item'>\n\t\t\t<div class='gallery-icon landscape'>\n\t\t\t\t<a href='https:\/\/eurocasas.com\/en\/vivienda-modular-en-burgos\/casoexito_fresnillo_7\/'><img decoding=\"async\" width=\"640\" height=\"338\" src=\"https:\/\/eurocasas.com\/wp-content\/uploads\/2025\/07\/casoExito_fresnillo_7-1024x540.webp\" class=\"attachment-large size-large\" alt=\"\" aria-describedby=\"gallery-2-40221\" srcset=\"https:\/\/eurocasas.com\/wp-content\/uploads\/2025\/07\/casoExito_fresnillo_7-1024x540.webp 1024w, https:\/\/eurocasas.com\/wp-content\/uploads\/2025\/07\/casoExito_fresnillo_7-300x158.webp 300w, https:\/\/eurocasas.com\/wp-content\/uploads\/2025\/07\/casoExito_fresnillo_7-768x405.webp 768w, https:\/\/eurocasas.com\/wp-content\/uploads\/2025\/07\/casoExito_fresnillo_7-18x9.webp 18w, https:\/\/eurocasas.com\/wp-content\/uploads\/2025\/07\/casoExito_fresnillo_7-24x13.webp 24w, https:\/\/eurocasas.com\/wp-content\/uploads\/2025\/07\/casoExito_fresnillo_7-36x19.webp 36w, https:\/\/eurocasas.com\/wp-content\/uploads\/2025\/07\/casoExito_fresnillo_7-48x25.webp 48w, https:\/\/eurocasas.com\/wp-content\/uploads\/2025\/07\/casoExito_fresnillo_7.webp 1517w\" sizes=\"(max-width: 640px) 100vw, 640px\" \/><\/a>\n\t\t\t<\/div>\n\t\t\t\t<figcaption class='wp-caption-text gallery-caption' id='gallery-2-40221'>\n\t\t\t\tGran aislamiento\n\t\t\t\t<\/figcaption><\/figure><figure class='gallery-item'>\n\t\t\t<div class='gallery-icon landscape'>\n\t\t\t\t<a href='https:\/\/eurocasas.com\/en\/vivienda-modular-en-burgos\/casoexito_fresnillo_3\/'><img decoding=\"async\" width=\"640\" height=\"338\" src=\"https:\/\/eurocasas.com\/wp-content\/uploads\/2025\/07\/casoExito_fresnillo_3-1024x540.webp\" class=\"attachment-large size-large\" alt=\"\" aria-describedby=\"gallery-2-40217\" srcset=\"https:\/\/eurocasas.com\/wp-content\/uploads\/2025\/07\/casoExito_fresnillo_3-1024x540.webp 1024w, https:\/\/eurocasas.com\/wp-content\/uploads\/2025\/07\/casoExito_fresnillo_3-300x158.webp 300w, https:\/\/eurocasas.com\/wp-content\/uploads\/2025\/07\/casoExito_fresnillo_3-768x405.webp 768w, https:\/\/eurocasas.com\/wp-content\/uploads\/2025\/07\/casoExito_fresnillo_3-18x9.webp 18w, https:\/\/eurocasas.com\/wp-content\/uploads\/2025\/07\/casoExito_fresnillo_3-24x13.webp 24w, https:\/\/eurocasas.com\/wp-content\/uploads\/2025\/07\/casoExito_fresnillo_3-36x19.webp 36w, https:\/\/eurocasas.com\/wp-content\/uploads\/2025\/07\/casoExito_fresnillo_3-48x25.webp 48w, https:\/\/eurocasas.com\/wp-content\/uploads\/2025\/07\/casoExito_fresnillo_3.webp 1517w\" sizes=\"(max-width: 640px) 100vw, 640px\" \/><\/a>\n\t\t\t<\/div>\n\t\t\t\t<figcaption class='wp-caption-text gallery-caption' id='gallery-2-40217'>\n\t\t\t\tLuminosidad\n\t\t\t\t<\/figcaption><\/figure><figure class='gallery-item'>\n\t\t\t<div class='gallery-icon landscape'>\n\t\t\t\t<a href='https:\/\/eurocasas.com\/en\/vivienda-modular-en-burgos\/casoexito_fresnillo_2\/'><img decoding=\"async\" width=\"640\" height=\"338\" src=\"https:\/\/eurocasas.com\/wp-content\/uploads\/2025\/07\/casoExito_fresnillo_2-1024x540.webp\" class=\"attachment-large size-large\" alt=\"\" aria-describedby=\"gallery-2-40216\" srcset=\"https:\/\/eurocasas.com\/wp-content\/uploads\/2025\/07\/casoExito_fresnillo_2-1024x540.webp 1024w, https:\/\/eurocasas.com\/wp-content\/uploads\/2025\/07\/casoExito_fresnillo_2-300x158.webp 300w, https:\/\/eurocasas.com\/wp-content\/uploads\/2025\/07\/casoExito_fresnillo_2-768x405.webp 768w, https:\/\/eurocasas.com\/wp-content\/uploads\/2025\/07\/casoExito_fresnillo_2-18x9.webp 18w, https:\/\/eurocasas.com\/wp-content\/uploads\/2025\/07\/casoExito_fresnillo_2-24x13.webp 24w, https:\/\/eurocasas.com\/wp-content\/uploads\/2025\/07\/casoExito_fresnillo_2-36x19.webp 36w, https:\/\/eurocasas.com\/wp-content\/uploads\/2025\/07\/casoExito_fresnillo_2-48x25.webp 48w, https:\/\/eurocasas.com\/wp-content\/uploads\/2025\/07\/casoExito_fresnillo_2.webp 1517w\" sizes=\"(max-width: 640px) 100vw, 640px\" \/><\/a>\n\t\t\t<\/div>\n\t\t\t\t<figcaption class='wp-caption-text gallery-caption' id='gallery-2-40216'>\n\t\t\t\tVentanales a medida\n\t\t\t\t<\/figcaption><\/figure>\n\t\t<\/div>\n\n<p data-start=\"4344\" data-end=\"4687\">Este enfoque integral no solo garantiza calidad en la construcci\u00f3n, sino tambi\u00e9n tranquilidad y confianza a los clientes. Y eso, como destaca Octavio, es lo que realmente marca la diferencia frente a otras empresas menos especializadas, especialmente si se busca <strong>una vivienda modular en Burgos capaz de ofrecer confort durante todo el a\u00f1o<\/strong>.<\/p>\n<h2 data-start=\"4689\" data-end=\"4734\">Mira la experiencia de Octavio en v\u00eddeo<\/h2>\n<p data-start=\"4736\" data-end=\"4928\">Nada mejor que escuchar a los protagonistas en primera persona. En este <a href=\"https:\/\/youtu.be\/H9dd_ozA0hY\" target=\"_blank\" rel=\"noopener\">v\u00eddeo exclusivo<\/a>, Octavio comparte su experiencia completa, desde la idea inicial hasta la vida diaria en su nuevo hogar.<\/p>\n<p style=\"text-align: center;\" data-start=\"4930\" data-end=\"4972\">\n<p style=\"text-align: center;\"><iframe title=\"YouTube video player\" src=\"https:\/\/www.youtube.com\/embed\/H9dd_ozA0hY?si=qMAD5Qa532WfJX2Z\" width=\"560\" height=\"315\" frameborder=\"0\" allowfullscreen=\"allowfullscreen\"><span data-mce-type=\"bookmark\" style=\"display: inline-block; width: 0px; overflow: hidden; line-height: 0;\" class=\"mce_SELRES_start\"><\/span><\/iframe><\/p>\n<p data-start=\"4974\" data-end=\"5122\">Su testimonio no solo transmite confianza, sino tambi\u00e9n ilusi\u00f3n, orgullo y satisfacci\u00f3n al haber logrado un proyecto tan importante para su familia.<\/p>\n<h2 data-start=\"5124\" data-end=\"5167\">Vivir diferente, vivir mejor<\/h2>\n<p data-start=\"5169\" data-end=\"5466\">Este caso de \u00e9xito confirma que construir una vivienda modular en Burgos<strong> no es solo una soluci\u00f3n eficiente y moderna, sino tambi\u00e9n una experiencia transformadora<\/strong>. Desde la exposici\u00f3n inicial hasta la entrega de llaves, el proceso con Eurocasa es fluido, profesional y centrado en las personas.<\/p>\n<p data-start=\"5468\" data-end=\"5620\">Octavio lo dice claro: \u201c<strong><em>Recomendar\u00eda Eurocasa sin dudarlo, sobre todo en una zona como la nuestra, donde el fr\u00edo exige calidad en aislamiento y dise\u00f1o.<\/em><\/strong>\u201d<\/p>\n<p data-start=\"5468\" data-end=\"5620\">\ud83d\udcf2 Wasapeanos: 629 71 37 94<br data-start=\"5654\" data-end=\"5657\" \/>\ud83d\udcde Ll\u00e1manos: 947 47 30 74<br data-start=\"5682\" data-end=\"5685\" \/>\ud83d\udce7 Escr\u00edbenos: <a class=\"cursor-pointer\" rel=\"noopener\" data-start=\"5700\" data-end=\"5722\">contacto@eurocasas.com<\/a><br data-start=\"5722\" data-end=\"5725\" \/>\ud83c\udf10 Vis\u00edta nuestra web: <a class=\"\" href=\"https:\/\/eurocasas.com\/en\/\" target=\"_new\" rel=\"noopener\" data-start=\"5748\" data-end=\"5794\">www.eurocasas.com<\/a><br data-start=\"5794\" data-end=\"5797\" \/>\ud83d\ude09 Ven a visitarnos, tenemos una amplia exposici\u00f3n de viviendas modulares: C. Merindad de Sotoscueva, 8, 09001, Burgos.<\/p>","protected":false},"excerpt":{"rendered":"<p>Descubre c\u00f3mo Octavio y su familia cambiaron su vida con esta vivienda modular en Burgos de Eurocasa: entrega expr\u00e9s, dise\u00f1o personalizado y confort todo el a\u00f1o.<\/p>","protected":false},"author":1,"featured_media":40215,"comment_status":"closed","ping_status":"open","sticky":false,"template":"","format":"image","meta":{"footnotes":""},"categories":[61,310,309],"tags":[],"post_folder":[],"_links":{"self":[{"href":"https:\/\/eurocasas.com\/en\/wp-json\/wp\/v2\/posts\/40196"}],"collection":[{"href":"https:\/\/eurocasas.com\/en\/wp-json\/wp\/v2\/posts"}],"about":[{"href":"https:\/\/eurocasas.com\/en\/wp-json\/wp\/v2\/types\/post"}],"author":[{"embeddable":true,"href":"https:\/\/eurocasas.com\/en\/wp-json\/wp\/v2\/users\/1"}],"replies":[{"embeddable":true,"href":"https:\/\/eurocasas.com\/en\/wp-json\/wp\/v2\/comments?post=40196"}],"version-history":[{"count":8,"href":"https:\/\/eurocasas.com\/en\/wp-json\/wp\/v2\/posts\/40196\/revisions"}],"predecessor-version":[{"id":40228,"href":"https:\/\/eurocasas.com\/en\/wp-json\/wp\/v2\/posts\/40196\/revisions\/40228"}],"wp:featuredmedia":[{"embeddable":true,"href":"https:\/\/eurocasas.com\/en\/wp-json\/wp\/v2\/media\/40215"}],"wp:attachment":[{"href":"https:\/\/eurocasas.com\/en\/wp-json\/wp\/v2\/media?parent=40196"}],"wp:term":[{"taxonomy":"category","embeddable":true,"href":"https:\/\/eurocasas.com\/en\/wp-json\/wp\/v2\/categories?post=40196"},{"taxonomy":"post_tag","embeddable":true,"href":"https:\/\/eurocasas.com\/en\/wp-json\/wp\/v2\/tags?post=40196"},{"taxonomy":"post_folder","embeddable":true,"href":"https:\/\/eurocasas.com\/en\/wp-json\/wp\/v2\/post_folder?post=40196"}],"curies":[{"name":"wp","href":"https:\/\/api.w.org\/{rel}","templated":true}]}}