{"id":40240,"date":"2025-07-22T11:18:08","date_gmt":"2025-07-22T11:18:08","guid":{"rendered":"https:\/\/eurocasas.com\/?p=40240"},"modified":"2025-07-31T14:57:00","modified_gmt":"2025-07-31T14:57:00","slug":"casa-prefabricada-en-baleares","status":"publish","type":"post","link":"https:\/\/eurocasas.com\/en\/casa-prefabricada-en-baleares\/","title":{"rendered":"Eurocasa cruza el mar: nueva casa prefabricada instalada en Menorca"},"content":{"rendered":"<h1 data-start=\"352\" data-end=\"446\">Eurocasa cruza el mar: nueva casa prefabricada en Baleares instalada con \u00e9xito en Menorca<\/h1>\n<p data-start=\"448\" data-end=\"944\">En Eurocasa, cada proyecto es una oportunidad para demostrar que los l\u00edmites no existen cuando se combinan innovaci\u00f3n, experiencia y pasi\u00f3n. Hoy celebramos un<strong> nuevo paso en nuestra trayectoria<\/strong> en el archipi\u00e9lago: una nueva <strong data-start=\"1467\" data-end=\"1500\">casa prefabricada en Baleares<\/strong>, esta vez instalada con \u00e9xito en la isla de Menorca. Este hito no solo ampl\u00eda nuestro alcance geogr\u00e1fico, sino que reafirma nuestro compromiso con ofrecer soluciones habitacionales modernas, eficientes y personalizadas en cualquier punto del pa\u00eds.<\/p>\n<h2 data-start=\"946\" data-end=\"1007\">Un desaf\u00edo log\u00edstico que se convirti\u00f3 en orgullo colectivo<\/h2>\n<p data-start=\"1009\" data-end=\"1312\">Trasladar una vivienda modular desde nuestra sede en Burgos hasta una isla mediterr\u00e1nea es una tarea que va mucho m\u00e1s all\u00e1 de lo t\u00e9cnico. Implica meses de planificaci\u00f3n, coordinaci\u00f3n intermodal, un equipo experto y, sobre todo, la convicci\u00f3n de que todo es posible cuando se hace con pasi\u00f3n y precisi\u00f3n.<\/p>\n<div id='gallery-1' class='gallery galleryid-40240 gallery-columns-2 gallery-size-large'><figure class='gallery-item'>\n\t\t\t<div class='gallery-icon landscape'>\n\t\t\t\t<a href='https:\/\/eurocasas.com\/en\/casa-prefabricada-en-baleares\/menorca_7\/'><img decoding=\"async\" width=\"640\" height=\"480\" src=\"https:\/\/eurocasas.com\/wp-content\/uploads\/2025\/07\/menorca_7-1024x768.webp\" class=\"attachment-large size-large\" alt=\"Casa prefabricada en Baleares\" srcset=\"https:\/\/eurocasas.com\/wp-content\/uploads\/2025\/07\/menorca_7-1024x768.webp 1024w, https:\/\/eurocasas.com\/wp-content\/uploads\/2025\/07\/menorca_7-300x225.webp 300w, https:\/\/eurocasas.com\/wp-content\/uploads\/2025\/07\/menorca_7-768x576.webp 768w, https:\/\/eurocasas.com\/wp-content\/uploads\/2025\/07\/menorca_7-16x12.webp 16w, https:\/\/eurocasas.com\/wp-content\/uploads\/2025\/07\/menorca_7-24x18.webp 24w, https:\/\/eurocasas.com\/wp-content\/uploads\/2025\/07\/menorca_7-36x27.webp 36w, https:\/\/eurocasas.com\/wp-content\/uploads\/2025\/07\/menorca_7-48x36.webp 48w, https:\/\/eurocasas.com\/wp-content\/uploads\/2025\/07\/menorca_7.webp 1200w\" sizes=\"(max-width: 640px) 100vw, 640px\" \/><\/a>\n\t\t\t<\/div><\/figure><figure class='gallery-item'>\n\t\t\t<div class='gallery-icon landscape'>\n\t\t\t\t<a href='https:\/\/eurocasas.com\/en\/casa-prefabricada-en-baleares\/menorca_5\/'><img decoding=\"async\" width=\"640\" height=\"480\" src=\"https:\/\/eurocasas.com\/wp-content\/uploads\/2025\/07\/menorca_5-1024x768.webp\" class=\"attachment-large size-large\" alt=\"Casa prefabricada en Baleares\" srcset=\"https:\/\/eurocasas.com\/wp-content\/uploads\/2025\/07\/menorca_5-1024x768.webp 1024w, https:\/\/eurocasas.com\/wp-content\/uploads\/2025\/07\/menorca_5-300x225.webp 300w, https:\/\/eurocasas.com\/wp-content\/uploads\/2025\/07\/menorca_5-768x576.webp 768w, https:\/\/eurocasas.com\/wp-content\/uploads\/2025\/07\/menorca_5-1536x1152.webp 1536w, https:\/\/eurocasas.com\/wp-content\/uploads\/2025\/07\/menorca_5-16x12.webp 16w, https:\/\/eurocasas.com\/wp-content\/uploads\/2025\/07\/menorca_5-24x18.webp 24w, https:\/\/eurocasas.com\/wp-content\/uploads\/2025\/07\/menorca_5-36x27.webp 36w, https:\/\/eurocasas.com\/wp-content\/uploads\/2025\/07\/menorca_5-48x36.webp 48w, https:\/\/eurocasas.com\/wp-content\/uploads\/2025\/07\/menorca_5.webp 2048w\" sizes=\"(max-width: 640px) 100vw, 640px\" \/><\/a>\n\t\t\t<\/div><\/figure>\n\t\t<\/div>\n\n<p data-start=\"1314\" data-end=\"1678\">Este proyecto de <strong data-start=\"1331\" data-end=\"1364\">casa prefabricada en Baleares<\/strong> nos llev\u00f3 a integrar distintos medios de transporte: terrestre hasta el puerto, carga portuaria especializada y finalmente un cruce mar\u00edtimo hasta Menorca. Cada fase fue milim\u00e9tricamente calculada para cumplir los plazos, asegurar la integridad de los m\u00f3dulos y ofrecer al cliente una experiencia sin sobresaltos.<\/p>\n<h2 data-start=\"1680\" data-end=\"1729\">Dise\u00f1o inteligente adaptado al entorno insular<\/h2>\n<p data-start=\"1731\" data-end=\"2104\">Uno de los grandes retos de construir una vivienda en una isla como Menorca es la adaptaci\u00f3n al clima, a la normativa local y al terreno disponible. Nuestro equipo de arquitectos y dise\u00f1adores trabaj\u00f3 mano a mano con el cliente para ajustar cada aspecto: orientaci\u00f3n solar, ventilaci\u00f3n cruzada, aislamiento t\u00e9rmico, y materiales sostenibles que resistan el ambiente salino.<\/p>\n<p data-start=\"2106\" data-end=\"2401\">La <strong data-start=\"2109\" data-end=\"2142\">casa prefabricada e<\/strong><strong data-start=\"2109\" data-end=\"2142\">n Baleares<\/strong> entregada cuenta con acabados de alta calidad, una distribuci\u00f3n funcional y detalles pensados para el confort y la eficiencia energ\u00e9tica. No solo se trata de llevar una casa a una isla, sino de construir un hogar pensado para durar y disfrutarse todo el a\u00f1o.<\/p>\n<h2 data-start=\"2403\" data-end=\"2445\">Instalaci\u00f3n r\u00e1pida y sin complicaciones<\/h2>\n<p data-start=\"2447\" data-end=\"2784\">Uno de los mayores beneficios de la construcci\u00f3n modular es la rapidez. En este caso, y pese a la complejidad del transporte, la instalaci\u00f3n de la vivienda en Menorca se realiz\u00f3 en tiempo r\u00e9cord. En solo unos d\u00edas, la casa estaba completamente montada sobre su cimentaci\u00f3n, lista para su conexi\u00f3n a los servicios y su entrega al cliente.<\/p>\n<p><img decoding=\"async\" class=\"wp-image-40243 aligncenter\" src=\"https:\/\/eurocasas.com\/wp-content\/uploads\/2025\/07\/menorca_3-225x300.webp\" alt=\"Casa prefabricada en Baleares\" width=\"302\" height=\"403\" srcset=\"https:\/\/eurocasas.com\/wp-content\/uploads\/2025\/07\/menorca_3-225x300.webp 225w, https:\/\/eurocasas.com\/wp-content\/uploads\/2025\/07\/menorca_3-768x1024.webp 768w, https:\/\/eurocasas.com\/wp-content\/uploads\/2025\/07\/menorca_3-1152x1536.webp 1152w, https:\/\/eurocasas.com\/wp-content\/uploads\/2025\/07\/menorca_3-9x12.webp 9w, https:\/\/eurocasas.com\/wp-content\/uploads\/2025\/07\/menorca_3-18x24.webp 18w, https:\/\/eurocasas.com\/wp-content\/uploads\/2025\/07\/menorca_3-27x36.webp 27w, https:\/\/eurocasas.com\/wp-content\/uploads\/2025\/07\/menorca_3-36x48.webp 36w, https:\/\/eurocasas.com\/wp-content\/uploads\/2025\/07\/menorca_3.webp 1200w\" sizes=\"(max-width: 302px) 100vw, 302px\" \/><\/p>\n<p data-start=\"2786\" data-end=\"3056\">Gracias a nuestra experiencia y al uso de gr\u00faas especializadas, logramos una colocaci\u00f3n precisa y segura, minimizando molestias en el entorno y garantizando la seguridad en cada maniobra. Una <strong data-start=\"2978\" data-end=\"3011\">casa prefabricada en Baleares<\/strong> lista para habitar sin esperas ni sorpresas.<\/p>\n<h2 data-start=\"3058\" data-end=\"3105\">Eurocasa: m\u00e1s de 27 a\u00f1os construyendo futuro<\/h2>\n<p data-start=\"3107\" data-end=\"3499\">Este proyecto es el reflejo de casi tres d\u00e9cadas de trayectoria en el sector de las viviendas modulares. Durante estos a\u00f1os, en Eurocasa hemos apostado por la innovaci\u00f3n, la sostenibilidad y la adaptabilidad como pilares fundamentales de nuestra <strong>propuesta.<\/strong> Hoy podemos decir con orgullo que somos una referencia nacional en la fabricaci\u00f3n e instalaci\u00f3n de casas prefabricadas de alta calidad.<\/p>\n<p data-start=\"3501\" data-end=\"3731\">La <strong data-start=\"3504\" data-end=\"3537\">casa prefabricada en Baleares<\/strong> que presentamos hoy es un ejemplo de c\u00f3mo nuestra visi\u00f3n se adapta a nuevos contextos, nuevas demandas y nuevas geograf\u00edas, sin perder de vista lo que m\u00e1s importa: el bienestar de las personas.<\/p>\n<div id='gallery-2' class='gallery galleryid-40240 gallery-columns-3 gallery-size-large'><figure class='gallery-item'>\n\t\t\t<div class='gallery-icon landscape'>\n\t\t\t\t<a href='https:\/\/eurocasas.com\/en\/casa-prefabricada-en-baleares\/menorca_6\/'><img decoding=\"async\" width=\"640\" height=\"480\" src=\"https:\/\/eurocasas.com\/wp-content\/uploads\/2025\/07\/menorca_6-1024x768.webp\" class=\"attachment-large size-large\" alt=\"\" srcset=\"https:\/\/eurocasas.com\/wp-content\/uploads\/2025\/07\/menorca_6-1024x768.webp 1024w, https:\/\/eurocasas.com\/wp-content\/uploads\/2025\/07\/menorca_6-300x225.webp 300w, https:\/\/eurocasas.com\/wp-content\/uploads\/2025\/07\/menorca_6-768x576.webp 768w, https:\/\/eurocasas.com\/wp-content\/uploads\/2025\/07\/menorca_6-1536x1152.webp 1536w, https:\/\/eurocasas.com\/wp-content\/uploads\/2025\/07\/menorca_6-16x12.webp 16w, https:\/\/eurocasas.com\/wp-content\/uploads\/2025\/07\/menorca_6-24x18.webp 24w, https:\/\/eurocasas.com\/wp-content\/uploads\/2025\/07\/menorca_6-36x27.webp 36w, https:\/\/eurocasas.com\/wp-content\/uploads\/2025\/07\/menorca_6-48x36.webp 48w, https:\/\/eurocasas.com\/wp-content\/uploads\/2025\/07\/menorca_6.webp 2048w\" sizes=\"(max-width: 640px) 100vw, 640px\" \/><\/a>\n\t\t\t<\/div><\/figure><figure class='gallery-item'>\n\t\t\t<div class='gallery-icon landscape'>\n\t\t\t\t<a href='https:\/\/eurocasas.com\/en\/casa-prefabricada-en-baleares\/menorca_1\/'><img decoding=\"async\" width=\"640\" height=\"480\" src=\"https:\/\/eurocasas.com\/wp-content\/uploads\/2025\/07\/menorca_1-1024x768.webp\" class=\"attachment-large size-large\" alt=\"Casa prefabricada en Baleares\" srcset=\"https:\/\/eurocasas.com\/wp-content\/uploads\/2025\/07\/menorca_1-1024x768.webp 1024w, https:\/\/eurocasas.com\/wp-content\/uploads\/2025\/07\/menorca_1-300x225.webp 300w, https:\/\/eurocasas.com\/wp-content\/uploads\/2025\/07\/menorca_1-768x576.webp 768w, https:\/\/eurocasas.com\/wp-content\/uploads\/2025\/07\/menorca_1-1536x1152.webp 1536w, https:\/\/eurocasas.com\/wp-content\/uploads\/2025\/07\/menorca_1-16x12.webp 16w, https:\/\/eurocasas.com\/wp-content\/uploads\/2025\/07\/menorca_1-24x18.webp 24w, https:\/\/eurocasas.com\/wp-content\/uploads\/2025\/07\/menorca_1-36x27.webp 36w, https:\/\/eurocasas.com\/wp-content\/uploads\/2025\/07\/menorca_1-48x36.webp 48w, https:\/\/eurocasas.com\/wp-content\/uploads\/2025\/07\/menorca_1.webp 1600w\" sizes=\"(max-width: 640px) 100vw, 640px\" \/><\/a>\n\t\t\t<\/div><\/figure><figure class='gallery-item'>\n\t\t\t<div class='gallery-icon landscape'>\n\t\t\t\t<a href='https:\/\/eurocasas.com\/en\/casa-prefabricada-en-baleares\/menorca2\/'><img decoding=\"async\" width=\"640\" height=\"480\" src=\"https:\/\/eurocasas.com\/wp-content\/uploads\/2025\/07\/menorca2-1024x768.webp\" class=\"attachment-large size-large\" alt=\"Casa prefabricada en Baleares\" srcset=\"https:\/\/eurocasas.com\/wp-content\/uploads\/2025\/07\/menorca2-1024x768.webp 1024w, https:\/\/eurocasas.com\/wp-content\/uploads\/2025\/07\/menorca2-300x225.webp 300w, https:\/\/eurocasas.com\/wp-content\/uploads\/2025\/07\/menorca2-768x576.webp 768w, https:\/\/eurocasas.com\/wp-content\/uploads\/2025\/07\/menorca2-1536x1152.webp 1536w, https:\/\/eurocasas.com\/wp-content\/uploads\/2025\/07\/menorca2-16x12.webp 16w, https:\/\/eurocasas.com\/wp-content\/uploads\/2025\/07\/menorca2-24x18.webp 24w, https:\/\/eurocasas.com\/wp-content\/uploads\/2025\/07\/menorca2-36x27.webp 36w, https:\/\/eurocasas.com\/wp-content\/uploads\/2025\/07\/menorca2-48x36.webp 48w, https:\/\/eurocasas.com\/wp-content\/uploads\/2025\/07\/menorca2.webp 1600w\" sizes=\"(max-width: 640px) 100vw, 640px\" \/><\/a>\n\t\t\t<\/div><\/figure>\n\t\t<\/div>\n\n<h2 data-start=\"3733\" data-end=\"3794\">Construcci\u00f3n modular: la opci\u00f3n inteligente para las islas<\/h2>\n<p data-start=\"3796\" data-end=\"4149\">Elegir una <strong data-start=\"3807\" data-end=\"3840\">casa prefabricada en Baleares<\/strong> no es solo una cuesti\u00f3n de rapidez, sino de l\u00f3gica. El transporte de materiales de construcci\u00f3n tradicionales a las islas suele ser costoso, lento y con alta dependencia clim\u00e1tica. En cambio, la construcci\u00f3n modular permite optimizar los tiempos, reducir residuos, y controlar costes desde el primer momento.<\/p>\n<p data-start=\"4151\" data-end=\"4393\">Adem\u00e1s, las viviendas modulares como las de Eurocasa est\u00e1n dise\u00f1adas para ofrecer un excelente comportamiento t\u00e9rmico, algo fundamental en entornos insulares donde los cambios de temperatura, la humedad o la exposici\u00f3n solar son m\u00e1s intensos.<\/p>\n<h2 data-start=\"4395\" data-end=\"4449\">Eurocasa en Baleares: construyendo nuevas historias<\/h2>\n<p data-start=\"4451\" data-end=\"4732\">Con esta instalaci\u00f3n en Menorca, Eurocasa da un paso firme hacia la consolidaci\u00f3n de su presencia en el archipi\u00e9lago balear. Queremos que m\u00e1s personas puedan experimentar los beneficios de vivir en una casa prefabricada sin renunciar al dise\u00f1o, la personalizaci\u00f3n ni la eficiencia.<\/p>\n<p data-start=\"4734\" data-end=\"4916\">\u2714 Rapidez de ejecuci\u00f3n<br data-start=\"4756\" data-end=\"4759\" \/>\u2714 Flexibilidad en el dise\u00f1o<br data-start=\"4786\" data-end=\"4789\" \/>\u2714 Transporte y montaje especializado<br data-start=\"4825\" data-end=\"4828\" \/>\u2714 Eficiencia energ\u00e9tica y confort t\u00e9rmico<br data-start=\"4869\" data-end=\"4872\" \/>\u2714 Acompa\u00f1amiento integral en todo el proceso<\/p>\n<p data-start=\"4918\" data-end=\"5105\">Hoy m\u00e1s que nunca, vivir en una <strong data-start=\"4950\" data-end=\"4983\">casa prefabricada en Baleares<\/strong> es una alternativa real, segura y con todo el respaldo de una empresa que lleva 27 a\u00f1os haciendo realidad hogares \u00fanicos.<\/p>\n<h2 data-start=\"5107\" data-end=\"5155\">Los sue\u00f1os tambi\u00e9n viajan por mar<\/h2>\n<p data-start=\"5157\" data-end=\"5454\">Esta operaci\u00f3n en Menorca se suma a otros proyectos log\u00edsticos de gran complejidad que hemos ejecutado con \u00e9xito. Recientemente, trasladamos varias <a href=\"https:\/\/www.mobilehomebusiness.eu\/2025\/07\/07\/grupo-eurocasa-strengthens-outdoor-tourism-commitment-with-mobile-home-shipment-to-corsica\/\" target=\"_blank\" rel=\"noopener\">mobile homes a un camping en la isla de C\u00f3rcega<\/a>, reforzando nuestra presencia en el sector del turismo al aire libre.<\/p>\n<p data-start=\"5157\" data-end=\"5454\">El caso de Menorca no es solo una historia de \u00e9xito t\u00e9cnico. Es la prueba de que construir un hogar donde parec\u00eda dif\u00edcil es posible. Que una vivienda de calidad puede llegar hasta la isla m\u00e1s remota. Y que cuando se combinan pasi\u00f3n, profesionalismo y visi\u00f3n, los sue\u00f1os se convierten en realidad.<\/p>\n<p data-start=\"5456\" data-end=\"5542\">En Eurocasa seguimos so\u00f1ando, seguimos construyendo. Y ahora, tambi\u00e9n en las Baleares.<\/p>\n<hr data-start=\"5544\" data-end=\"5547\" \/>\n<p data-start=\"5549\" data-end=\"5783\">\ud83d\udcf2 Wasapeanos: 629 71 37 94<br data-start=\"5576\" data-end=\"5579\" \/>\ud83d\udcde Ll\u00e1manos: 947 47 30 74<br data-start=\"5604\" data-end=\"5607\" \/>\ud83d\udce7 Escr\u00edbenos: <a class=\"cursor-pointer\" rel=\"noopener\" data-start=\"5622\" data-end=\"5644\">contacto@eurocasas.com<\/a><br data-start=\"5644\" data-end=\"5647\" \/>\ud83c\udf10 Visita nuestra web: <a class=\"\" href=\"https:\/\/eurocasas.com\/en\/\" target=\"_new\" rel=\"noopener\" data-start=\"5670\" data-end=\"5716\">www.eurocasas.com<\/a><br data-start=\"5716\" data-end=\"5719\" \/>\ud83d\ude09 Ven a conocernos: C. Merindad de Sotoscueva, 8, 09001, Burgos<\/p>","protected":false},"excerpt":{"rendered":"<p>Eurocasa vuelve a cruzar el mar. Transporte intermodal, montaje \u00e1gil y un dise\u00f1o adaptado hacen de este proyecto otro ejemplo exitoso de innovaci\u00f3n, eficiencia y experiencia.<\/p>","protected":false},"author":1,"featured_media":40245,"comment_status":"closed","ping_status":"open","sticky":false,"template":"","format":"image","meta":{"footnotes":""},"categories":[306,61,309],"tags":[],"post_folder":[],"_links":{"self":[{"href":"https:\/\/eurocasas.com\/en\/wp-json\/wp\/v2\/posts\/40240"}],"collection":[{"href":"https:\/\/eurocasas.com\/en\/wp-json\/wp\/v2\/posts"}],"about":[{"href":"https:\/\/eurocasas.com\/en\/wp-json\/wp\/v2\/types\/post"}],"author":[{"embeddable":true,"href":"https:\/\/eurocasas.com\/en\/wp-json\/wp\/v2\/users\/1"}],"replies":[{"embeddable":true,"href":"https:\/\/eurocasas.com\/en\/wp-json\/wp\/v2\/comments?post=40240"}],"version-history":[{"count":4,"href":"https:\/\/eurocasas.com\/en\/wp-json\/wp\/v2\/posts\/40240\/revisions"}],"predecessor-version":[{"id":40250,"href":"https:\/\/eurocasas.com\/en\/wp-json\/wp\/v2\/posts\/40240\/revisions\/40250"}],"wp:featuredmedia":[{"embeddable":true,"href":"https:\/\/eurocasas.com\/en\/wp-json\/wp\/v2\/media\/40245"}],"wp:attachment":[{"href":"https:\/\/eurocasas.com\/en\/wp-json\/wp\/v2\/media?parent=40240"}],"wp:term":[{"taxonomy":"category","embeddable":true,"href":"https:\/\/eurocasas.com\/en\/wp-json\/wp\/v2\/categories?post=40240"},{"taxonomy":"post_tag","embeddable":true,"href":"https:\/\/eurocasas.com\/en\/wp-json\/wp\/v2\/tags?post=40240"},{"taxonomy":"post_folder","embeddable":true,"href":"https:\/\/eurocasas.com\/en\/wp-json\/wp\/v2\/post_folder?post=40240"}],"curies":[{"name":"wp","href":"https:\/\/api.w.org\/{rel}","templated":true}]}}