{"id":40413,"date":"2025-07-31T12:07:24","date_gmt":"2025-07-31T12:07:24","guid":{"rendered":"https:\/\/eurocasas.com\/?p=40413"},"modified":"2025-07-31T14:41:29","modified_gmt":"2025-07-31T14:41:29","slug":"solucion-arquitectura-modular","status":"publish","type":"post","link":"https:\/\/eurocasas.com\/en\/solucion-arquitectura-modular\/","title":{"rendered":"Una soluci\u00f3n de arquitectura modular para eventos \u00fanicos en HQ La Galer\u00eda"},"content":{"rendered":"<h1 data-start=\"619\" data-end=\"699\"><strong data-start=\"619\" data-end=\"699\">Una soluci\u00f3n de arquitectura modular que transforma eventos en HQ La Galer\u00eda<\/strong><\/h1>\n<p data-start=\"701\" data-end=\"1017\">En Burgos, HQ La Galer\u00eda ha dado un paso al frente en innovaci\u00f3n y hospitalidad con la incorporaci\u00f3n de un bar exterior dise\u00f1ado por Eurocasa. Esta intervenci\u00f3n no es solo est\u00e9tica: es una soluci\u00f3n de <a href=\"https:\/\/eurocasas.com\/en\/construccion-modular\/\"><strong data-start=\"902\" data-end=\"926\">arquitectura modular<\/strong><\/a> que responde a una necesidad concreta y creciente en el sector de eventos y celebraciones.<\/p>\n<h2 data-start=\"1037\" data-end=\"1082\"><strong data-start=\"1037\" data-end=\"1082\">Arquitectura modular para espacios \u00fanicos<\/strong><\/h2>\n<p data-start=\"1084\" data-end=\"1385\">El restaurante necesitaba aprovechar su jard\u00edn elevado para ofrecer a los invitados de bodas y eventos una experiencia diferente, al aire libre y en conexi\u00f3n con la naturaleza. Aqu\u00ed es donde Eurocasa, l\u00edder nacional en <strong data-start=\"1303\" data-end=\"1327\">arquitectura modular<\/strong>, supo dar una respuesta a medida, \u00e1gil y de alta calidad.<\/p>\n<p style=\"text-align: left;\" data-start=\"1387\" data-end=\"1666\">El m\u00f3dulo-bar, con l\u00edneas rectas, dise\u00f1o minimalista y una perfecta integraci\u00f3n en el entorno natural, fue la soluci\u00f3n perfecta. Una barra con altura c\u00f3moda, estructura elegante y funcional, pensada para facilitar el servicio y generar un nuevo espacio de interacci\u00f3n y disfrute.<\/p>\n<p style=\"text-align: center;\"><iframe title=\"YouTube video player\" src=\"https:\/\/www.youtube.com\/embed\/cc3KQOd9T2E?si=Y3ODAkr-Cb40vHKx\" width=\"560\" height=\"315\" frameborder=\"0\" allowfullscreen=\"allowfullscreen\"><span data-mce-type=\"bookmark\" style=\"display: align-text: center; max-width:600px; margin-right: auto; margin-left: auto; inline-block; width: 0px; overflow: hidden; line-height: 0;\" class=\"mce_SELRES_start\"><span data-mce-type=\"bookmark\" style=\"display: inline-block; width: 0px; overflow: hidden; line-height: 0;\" class=\"mce_SELRES_start\"><\/span><\/span><\/iframe><\/p>\n<h3 data-start=\"1686\" data-end=\"1740\"><strong data-start=\"1686\" data-end=\"1740\">Un desaf\u00edo t\u00e9cnico resuelto con innovaci\u00f3n modular<\/strong><\/h3>\n<p data-start=\"1742\" data-end=\"2107\">La instalaci\u00f3n del m\u00f3dulo no fue sencilla. El acceso directo estaba bloqueado por la disposici\u00f3n de los jardines y un seto de gran altura. Fue necesario realizar una maniobra t\u00e9cnica de precisi\u00f3n para colocar el m\u00f3dulo superando este obst\u00e1culo. Una muestra m\u00e1s del potencial de la <strong data-start=\"2023\" data-end=\"2047\">arquitectura modular<\/strong> para adaptarse a cualquier situaci\u00f3n, por compleja que sea.<\/p>\n<h3 data-start=\"2127\" data-end=\"2182\"><strong data-start=\"2127\" data-end=\"2182\">Dise\u00f1ado para impresionar: eventos con un toque \u00fanico<\/strong><\/h3>\n<p data-start=\"2184\" data-end=\"2439\">La idea del bar surgi\u00f3 de una demanda real. HQ La Galer\u00eda notaba que muchas parejas buscaban sorprender a sus invitados, aprovechar al m\u00e1ximo el espacio exterior y personalizar su boda al detalle. La soluci\u00f3n deb\u00eda estar a la altura de estas expectativas.<\/p>\n<p data-start=\"2441\" data-end=\"2742\">Gracias a la colaboraci\u00f3n con Eurocasa, el restaurante ahora ofrece un entorno exclusivo que eleva la experiencia del cliente, aportando originalidad, utilidad y estilo. El bar modular se convierte as\u00ed en un punto clave para celebraciones \u00fanicas, especialmente durante los meses de primavera y verano.<\/p>\n<h2 data-start=\"2762\" data-end=\"2814\"><strong data-start=\"2762\" data-end=\"2814\">Construcci\u00f3n en tiempo r\u00e9cord con sello Eurocasa<\/strong><\/h2>\n<p data-start=\"2816\" data-end=\"3087\">El \u00e9xito de este proyecto no solo reside en el dise\u00f1o o la funcionalidad, sino en la rapidez de ejecuci\u00f3n. El bar fue construido en tiempo r\u00e9cord en las instalaciones de Eurocasa en Burgos, unas infraestructuras que reflejan su experiencia de m\u00e1s de 27 a\u00f1os en el sector.<\/p>\n<p data-start=\"3089\" data-end=\"3478\">Con m\u00e1s de 14.000 m\u00b2 de superficie y m\u00e1s de 20 l\u00edneas de producci\u00f3n, <a href=\"https:\/\/www.youtube.com\/watch?v=lYxnB6-i2-8\" target=\"_blank\" rel=\"noopener\"><strong>Eurocasa fabrica internamente el 98% de los elementos que conforman sus casas y m\u00f3dulos<\/strong><\/a>. Desde carpinter\u00eda de PVC y madera hasta electricidad, fontaner\u00eda y montaje, todo el proceso est\u00e1 bajo control directo. Esto permite optimizar tiempos, garantizar calidad y ofrecer soluciones personalizadas sin depender de terceros.<\/p>\n<p data-start=\"3480\" data-end=\"3677\">Adem\u00e1s, los clientes pueden visitar la exposici\u00f3n permanente para ver de cerca los materiales, acabados y nivel de detalle de cada proyecto. Una experiencia que transmite confianza y transparencia.<\/p>\n<div id='gallery-1' class='gallery galleryid-40413 gallery-columns-2 gallery-size-large'><figure class='gallery-item'>\n\t\t\t<div class='gallery-icon landscape'>\n\t\t\t\t<a href=\"https:\/\/eurocasas.com\/en\/solucion-arquitectura-modular\/galeriabar-4\/\"><img decoding=\"async\" width=\"640\" height=\"360\" src=\"https:\/\/eurocasas.com\/wp-content\/uploads\/2025\/07\/GaleriaBar-4-1024x576.webp\" class=\"attachment-large size-large\" alt=\"\" srcset=\"https:\/\/eurocasas.com\/wp-content\/uploads\/2025\/07\/GaleriaBar-4-1024x576.webp 1024w, https:\/\/eurocasas.com\/wp-content\/uploads\/2025\/07\/GaleriaBar-4-300x169.webp 300w, https:\/\/eurocasas.com\/wp-content\/uploads\/2025\/07\/GaleriaBar-4-768x432.webp 768w, https:\/\/eurocasas.com\/wp-content\/uploads\/2025\/07\/GaleriaBar-4-1536x864.webp 1536w, https:\/\/eurocasas.com\/wp-content\/uploads\/2025\/07\/GaleriaBar-4-18x10.webp 18w, https:\/\/eurocasas.com\/wp-content\/uploads\/2025\/07\/GaleriaBar-4-24x14.webp 24w, https:\/\/eurocasas.com\/wp-content\/uploads\/2025\/07\/GaleriaBar-4-36x20.webp 36w, https:\/\/eurocasas.com\/wp-content\/uploads\/2025\/07\/GaleriaBar-4-48x27.webp 48w, https:\/\/eurocasas.com\/wp-content\/uploads\/2025\/07\/GaleriaBar-4.webp 1920w\" sizes=\"(max-width: 640px) 100vw, 640px\" \/><\/a>\n\t\t\t<\/div><\/figure><figure class='gallery-item'>\n\t\t\t<div class='gallery-icon landscape'>\n\t\t\t\t<a href=\"https:\/\/eurocasas.com\/en\/solucion-arquitectura-modular\/galeriabar-3\/\"><img decoding=\"async\" width=\"640\" height=\"360\" src=\"https:\/\/eurocasas.com\/wp-content\/uploads\/2025\/07\/GaleriaBar-3-1024x576.webp\" class=\"attachment-large size-large\" alt=\"\" srcset=\"https:\/\/eurocasas.com\/wp-content\/uploads\/2025\/07\/GaleriaBar-3-1024x576.webp 1024w, https:\/\/eurocasas.com\/wp-content\/uploads\/2025\/07\/GaleriaBar-3-300x169.webp 300w, https:\/\/eurocasas.com\/wp-content\/uploads\/2025\/07\/GaleriaBar-3-768x432.webp 768w, https:\/\/eurocasas.com\/wp-content\/uploads\/2025\/07\/GaleriaBar-3-1536x864.webp 1536w, https:\/\/eurocasas.com\/wp-content\/uploads\/2025\/07\/GaleriaBar-3-18x10.webp 18w, https:\/\/eurocasas.com\/wp-content\/uploads\/2025\/07\/GaleriaBar-3-24x14.webp 24w, https:\/\/eurocasas.com\/wp-content\/uploads\/2025\/07\/GaleriaBar-3-36x20.webp 36w, https:\/\/eurocasas.com\/wp-content\/uploads\/2025\/07\/GaleriaBar-3-48x27.webp 48w, https:\/\/eurocasas.com\/wp-content\/uploads\/2025\/07\/GaleriaBar-3.webp 1920w\" sizes=\"(max-width: 640px) 100vw, 640px\" \/><\/a>\n\t\t\t<\/div><\/figure>\n\t\t<\/div>\n\n<h3 data-start=\"3697\" data-end=\"3742\"><strong data-start=\"3697\" data-end=\"3742\">Calidad certificada, innovaci\u00f3n constante<\/strong><\/h3>\n<p data-start=\"3744\" data-end=\"4026\">Eurocasa fue pionera en obtener la certificaci\u00f3n de calidad ISO 9001 de AENOR , un sello que hoy sigue vigente y que avala cada uno de sus procesos. Porque construir con <strong data-start=\"3929\" data-end=\"3953\">arquitectura modular<\/strong> no significa improvisar, sino aplicar procesos certificados y rigurosos.<\/p>\n<p data-start=\"4028\" data-end=\"4340\">El compromiso de la empresa va m\u00e1s all\u00e1 del presente. Su departamento interno de I+D+i trabaja constantemente en mejorar materiales, validar nuevos sistemas constructivos y desarrollar patentes que llevan su oferta un paso m\u00e1s all\u00e1. Cada m\u00f3dulo que fabrican es fruto de investigaci\u00f3n, prueba y perfeccionamiento.<\/p>\n<h2 data-start=\"4360\" data-end=\"4407\"><strong data-start=\"4360\" data-end=\"4407\">Arquitectura modular con prop\u00f3sito y futuro<\/strong><\/h2>\n<p data-start=\"4409\" data-end=\"4697\">La instalaci\u00f3n en HQ La Galer\u00eda no es un caso aislado, sino un ejemplo de c\u00f3mo la <strong data-start=\"4491\" data-end=\"4515\">arquitectura modular<\/strong> puede transformar espacios y adaptarse a nuevas realidades del mercado. Ya no se trata solo de construir r\u00e1pido o bonito, sino de hacerlo con inteligencia, versatilidad y prop\u00f3sito.<\/p>\n<p data-start=\"4699\" data-end=\"4924\">Eurocasa ha demostrado con este proyecto que sabe escuchar, proponer y ejecutar. Que entiende los retos como oportunidades de dise\u00f1o, y que cada cliente es un socio con quien construir algo m\u00e1s que un m\u00f3dulo: una experiencia.<\/p>\n<h3 data-start=\"4944\" data-end=\"4992\"><strong data-start=\"4944\" data-end=\"4992\">Un nuevo est\u00e1ndar para eventos al aire libre<\/strong><\/h3>\n<p data-start=\"4994\" data-end=\"5255\">Con este bar modular, HQ La Galer\u00eda ofrece a sus clientes un elemento diferenciador, elegante y pr\u00e1ctico. Se trata de un espacio que no solo suma en est\u00e9tica, sino que aporta dinamismo, servicio y exclusividad. Una inversi\u00f3n que se disfruta desde el primer d\u00eda.<\/p>\n<div id='gallery-2' class='gallery galleryid-40413 gallery-columns-3 gallery-size-large'><figure class='gallery-item'>\n\t\t\t<div class='gallery-icon landscape'>\n\t\t\t\t<a href=\"https:\/\/eurocasas.com\/en\/solucion-arquitectura-modular\/galeriabar-5\/\"><img decoding=\"async\" width=\"640\" height=\"360\" src=\"https:\/\/eurocasas.com\/wp-content\/uploads\/2025\/07\/GaleriaBar-5-1024x576.webp\" class=\"attachment-large size-large\" alt=\"Arquitectura Modular de Eurocasa\" srcset=\"https:\/\/eurocasas.com\/wp-content\/uploads\/2025\/07\/GaleriaBar-5-1024x576.webp 1024w, https:\/\/eurocasas.com\/wp-content\/uploads\/2025\/07\/GaleriaBar-5-300x169.webp 300w, https:\/\/eurocasas.com\/wp-content\/uploads\/2025\/07\/GaleriaBar-5-768x432.webp 768w, https:\/\/eurocasas.com\/wp-content\/uploads\/2025\/07\/GaleriaBar-5-1536x864.webp 1536w, https:\/\/eurocasas.com\/wp-content\/uploads\/2025\/07\/GaleriaBar-5-18x10.webp 18w, https:\/\/eurocasas.com\/wp-content\/uploads\/2025\/07\/GaleriaBar-5-24x14.webp 24w, https:\/\/eurocasas.com\/wp-content\/uploads\/2025\/07\/GaleriaBar-5-36x20.webp 36w, https:\/\/eurocasas.com\/wp-content\/uploads\/2025\/07\/GaleriaBar-5-48x27.webp 48w, https:\/\/eurocasas.com\/wp-content\/uploads\/2025\/07\/GaleriaBar-5.webp 1920w\" sizes=\"(max-width: 640px) 100vw, 640px\" \/><\/a>\n\t\t\t<\/div><\/figure><figure class='gallery-item'>\n\t\t\t<div class='gallery-icon landscape'>\n\t\t\t\t<a href=\"https:\/\/eurocasas.com\/en\/solucion-arquitectura-modular\/galeriabar-2\/\"><img decoding=\"async\" width=\"640\" height=\"360\" src=\"https:\/\/eurocasas.com\/wp-content\/uploads\/2025\/07\/GaleriaBar-2-1024x576.webp\" class=\"attachment-large size-large\" alt=\"Arquitectura Modular de Eurocasa\" srcset=\"https:\/\/eurocasas.com\/wp-content\/uploads\/2025\/07\/GaleriaBar-2-1024x576.webp 1024w, https:\/\/eurocasas.com\/wp-content\/uploads\/2025\/07\/GaleriaBar-2-300x169.webp 300w, https:\/\/eurocasas.com\/wp-content\/uploads\/2025\/07\/GaleriaBar-2-768x432.webp 768w, https:\/\/eurocasas.com\/wp-content\/uploads\/2025\/07\/GaleriaBar-2-1536x864.webp 1536w, https:\/\/eurocasas.com\/wp-content\/uploads\/2025\/07\/GaleriaBar-2-18x10.webp 18w, https:\/\/eurocasas.com\/wp-content\/uploads\/2025\/07\/GaleriaBar-2-24x14.webp 24w, https:\/\/eurocasas.com\/wp-content\/uploads\/2025\/07\/GaleriaBar-2-36x20.webp 36w, https:\/\/eurocasas.com\/wp-content\/uploads\/2025\/07\/GaleriaBar-2-48x27.webp 48w, https:\/\/eurocasas.com\/wp-content\/uploads\/2025\/07\/GaleriaBar-2.webp 1920w\" sizes=\"(max-width: 640px) 100vw, 640px\" \/><\/a>\n\t\t\t<\/div><\/figure><figure class='gallery-item'>\n\t\t\t<div class='gallery-icon landscape'>\n\t\t\t\t<a href=\"https:\/\/eurocasas.com\/en\/solucion-arquitectura-modular\/galeriabar-6\/\"><img decoding=\"async\" width=\"640\" height=\"360\" src=\"https:\/\/eurocasas.com\/wp-content\/uploads\/2025\/07\/GaleriaBar-6-1024x576.webp\" class=\"attachment-large size-large\" alt=\"Arquitectura Modular de Eurocasa\" srcset=\"https:\/\/eurocasas.com\/wp-content\/uploads\/2025\/07\/GaleriaBar-6-1024x576.webp 1024w, https:\/\/eurocasas.com\/wp-content\/uploads\/2025\/07\/GaleriaBar-6-300x169.webp 300w, https:\/\/eurocasas.com\/wp-content\/uploads\/2025\/07\/GaleriaBar-6-768x432.webp 768w, https:\/\/eurocasas.com\/wp-content\/uploads\/2025\/07\/GaleriaBar-6-1536x864.webp 1536w, https:\/\/eurocasas.com\/wp-content\/uploads\/2025\/07\/GaleriaBar-6-18x10.webp 18w, https:\/\/eurocasas.com\/wp-content\/uploads\/2025\/07\/GaleriaBar-6-24x14.webp 24w, https:\/\/eurocasas.com\/wp-content\/uploads\/2025\/07\/GaleriaBar-6-36x20.webp 36w, https:\/\/eurocasas.com\/wp-content\/uploads\/2025\/07\/GaleriaBar-6-48x27.webp 48w, https:\/\/eurocasas.com\/wp-content\/uploads\/2025\/07\/GaleriaBar-6.webp 1920w\" sizes=\"(max-width: 640px) 100vw, 640px\" \/><\/a>\n\t\t\t<\/div><\/figure>\n\t\t<\/div>\n\n<p data-start=\"5257\" data-end=\"5498\">Y lo mejor es que este tipo de soluciones no es exclusivo de grandes restaurantes. La <strong data-start=\"5343\" data-end=\"5367\">arquitectura modular<\/strong> puede aplicarse a cualquier espacio que busque optimizar su entorno, innovar en su oferta o a\u00f1adir valor con rapidez y eficiencia.<\/p>\n<h3 data-start=\"5518\" data-end=\"5568\"><strong data-start=\"5518\" data-end=\"5568\">Eurocasa: experiencia, excelencia y compromiso<\/strong><\/h3>\n<p data-start=\"5570\" data-end=\"5850\">Con cada nuevo proyecto, Eurocasa refuerza su posici\u00f3n como referente del sector prefabricado a nivel nacional. Su combinaci\u00f3n de experiencia, innovaci\u00f3n, calidad y atenci\u00f3n al cliente convierte a la marca en un socio ideal para quienes buscan algo m\u00e1s que construir: transformar.<\/p>\n<p data-start=\"5852\" data-end=\"6060\">Desde Burgos para toda Espa\u00f1a, Eurocasa sigue apostando por una <strong data-start=\"5916\" data-end=\"5940\">arquitectura modular<\/strong> que no solo resuelve problemas, sino que crea oportunidades. Oportunidades de crecer, de diferenciarse y de sorprender.<\/p>","protected":false},"excerpt":{"rendered":"<p>Eurocasa transforma HQ La Galer\u00eda en Burgos con una soluci\u00f3n de arquitectura modular moderna y eficiente que potencia eventos y bodas al aire libre.<\/p>","protected":false},"author":1,"featured_media":40416,"comment_status":"closed","ping_status":"open","sticky":false,"template":"","format":"image","meta":{"footnotes":""},"categories":[61,309],"tags":[],"post_folder":[],"_links":{"self":[{"href":"https:\/\/eurocasas.com\/en\/wp-json\/wp\/v2\/posts\/40413"}],"collection":[{"href":"https:\/\/eurocasas.com\/en\/wp-json\/wp\/v2\/posts"}],"about":[{"href":"https:\/\/eurocasas.com\/en\/wp-json\/wp\/v2\/types\/post"}],"author":[{"embeddable":true,"href":"https:\/\/eurocasas.com\/en\/wp-json\/wp\/v2\/users\/1"}],"replies":[{"embeddable":true,"href":"https:\/\/eurocasas.com\/en\/wp-json\/wp\/v2\/comments?post=40413"}],"version-history":[{"count":8,"href":"https:\/\/eurocasas.com\/en\/wp-json\/wp\/v2\/posts\/40413\/revisions"}],"predecessor-version":[{"id":40428,"href":"https:\/\/eurocasas.com\/en\/wp-json\/wp\/v2\/posts\/40413\/revisions\/40428"}],"wp:featuredmedia":[{"embeddable":true,"href":"https:\/\/eurocasas.com\/en\/wp-json\/wp\/v2\/media\/40416"}],"wp:attachment":[{"href":"https:\/\/eurocasas.com\/en\/wp-json\/wp\/v2\/media?parent=40413"}],"wp:term":[{"taxonomy":"category","embeddable":true,"href":"https:\/\/eurocasas.com\/en\/wp-json\/wp\/v2\/categories?post=40413"},{"taxonomy":"post_tag","embeddable":true,"href":"https:\/\/eurocasas.com\/en\/wp-json\/wp\/v2\/tags?post=40413"},{"taxonomy":"post_folder","embeddable":true,"href":"https:\/\/eurocasas.com\/en\/wp-json\/wp\/v2\/post_folder?post=40413"}],"curies":[{"name":"wp","href":"https:\/\/api.w.org\/{rel}","templated":true}]}}