{"id":40840,"date":"2025-09-23T10:37:58","date_gmt":"2025-09-23T10:37:58","guid":{"rendered":"https:\/\/eurocasas.com\/?p=40840"},"modified":"2025-09-22T09:26:30","modified_gmt":"2025-09-22T09:26:30","slug":"ferias-de-mobil-homes-2025","status":"publish","type":"post","link":"https:\/\/eurocasas.com\/en\/ferias-de-mobil-homes-2025\/","title":{"rendered":"Grupo Eurocasa presentar\u00e1 Nidify y Luxury en las principales ferias de mobil homes de Europa"},"content":{"rendered":"<h1 data-start=\"345\" data-end=\"470\">Grupo Eurocasa presentar\u00e1 Nidify y Luxury en las principales ferias de mobil homes de Europa<\/h1>\n<h2 data-start=\"345\" data-end=\"470\">Atlantica y Sett 2025: dos citas imprescindibles para descubrir las tendencias del sector de la hosteler\u00eda al aire libre<\/h2>\n<p data-start=\"472\" data-end=\"1143\">El sector de la hosteler\u00eda al aire libre en Europa vive una aut\u00e9ntica transformaci\u00f3n. La demanda de los campistas y turistas ha evolucionado hacia alojamientos m\u00e1s confortables, sostenibles y adaptados a las nuevas exigencias en materia de bienestar y eficiencia energ\u00e9tica. En este contexto, <strong data-start=\"765\" data-end=\"783\">Grupo Eurocasa<\/strong>, con m\u00e1s de 25 a\u00f1os de experiencia en la fabricaci\u00f3n de viviendas modulares y mobil homes, anuncia la participaci\u00f3n de sus marcas <a href=\"https:\/\/nidifyhome.es\/\" target=\"_blank\" rel=\"noopener\"><strong data-start=\"951\" data-end=\"961\">Nidify<\/strong> <\/a>y <a href=\"https:\/\/luxurymobilhomes.com\/\" target=\"_blank\" rel=\"noopener\"><strong data-start=\"964\" data-end=\"974\">Luxury<\/strong><\/a> en dos de las principales ferias de mobil homes de Europa: <strong data-start=\"1036\" data-end=\"1067\">el Sal\u00f3n Atlantica en Niort<\/strong> y <strong data-start=\"1070\" data-end=\"1102\">el Sal\u00f3n Sett en Montpellier<\/strong>, ambos programados para oto\u00f1o de 2025.<\/p>\n<p data-start=\"1145\" data-end=\"1512\">Estos eventos constituyen un punto de encuentro ineludible para todos los profesionales del camping y del turismo al aire libre, donde se revelar\u00e1n las tendencias que marcar\u00e1n el rumbo del sector en 2026. Eurocasa aprovechar\u00e1 la ocasi\u00f3n para mostrar su capacidad innovadora y reafirmar su posici\u00f3n como referente europeo en el \u00e1mbito de las <em data-start=\"1486\" data-end=\"1509\">ferias de mobil homes<\/em>.<\/p>\n<h2 data-start=\"1519\" data-end=\"1576\">Sal\u00f3n Atlantica 2025: la cita de referencia en Niort<\/h2>\n<p data-start=\"1578\" data-end=\"1808\">El <strong data-start=\"1581\" data-end=\"1600\">Sal\u00f3n Atlantica<\/strong> se celebrar\u00e1 del <strong data-start=\"1618\" data-end=\"1647\">7 al 9 de octubre de 2025<\/strong> en el Parc des Expositions de Niort. Se trata de un escaparate privilegiado en el que las novedades en alojamientos y equipamientos para campings cobran vida.<\/p>\n<p data-start=\"1810\" data-end=\"1865\">Nidify y Luxury contar\u00e1n con dos espacios destacados:<\/p>\n<ul data-start=\"1867\" data-end=\"2267\">\n<li data-start=\"1867\" data-end=\"2039\">\n<p data-start=\"1869\" data-end=\"2039\"><strong data-start=\"1869\" data-end=\"1901\">Stand de 552 m\u00b2 \u2013 Expo EXT01<\/strong>: dedicado a la gama de m\u00f3dulos Nidify, pensados para dar respuesta a la evoluci\u00f3n de las necesidades del cliente final en los campings.<img decoding=\"async\" class=\"aligncenter wp-image-40875 size-full\" src=\"https:\/\/eurocasas.com\/wp-content\/uploads\/2025\/09\/Collage_ECOmobilhome-2.jpg\" alt=\"\" width=\"940\" height=\"788\" srcset=\"https:\/\/eurocasas.com\/wp-content\/uploads\/2025\/09\/Collage_ECOmobilhome-2.jpg 940w, https:\/\/eurocasas.com\/wp-content\/uploads\/2025\/09\/Collage_ECOmobilhome-2-300x251.jpg 300w, https:\/\/eurocasas.com\/wp-content\/uploads\/2025\/09\/Collage_ECOmobilhome-2-768x644.jpg 768w, https:\/\/eurocasas.com\/wp-content\/uploads\/2025\/09\/Collage_ECOmobilhome-2-14x12.jpg 14w, https:\/\/eurocasas.com\/wp-content\/uploads\/2025\/09\/Collage_ECOmobilhome-2-24x20.jpg 24w, https:\/\/eurocasas.com\/wp-content\/uploads\/2025\/09\/Collage_ECOmobilhome-2-36x30.jpg 36w, https:\/\/eurocasas.com\/wp-content\/uploads\/2025\/09\/Collage_ECOmobilhome-2-48x40.jpg 48w\" sizes=\"(max-width: 940px) 100vw, 940px\" \/><\/p>\n<\/li>\n<li data-start=\"2040\" data-end=\"2267\">\n<p data-start=\"2042\" data-end=\"2267\"><strong data-start=\"2042\" data-end=\"2074\">Stand de 160 m\u00b2 \u2013 Expo EXT25<\/strong>: reservado a <strong data-start=\"2088\" data-end=\"2098\">Luxury<\/strong>, la l\u00ednea premium de mobil homes que ha conquistado a los gestores de resorts y campings que buscan diferenciarse con alojamientos exclusivos y de gran valor a\u00f1adido.<\/p>\n<\/li>\n<\/ul>\n<p data-start=\"2269\" data-end=\"2619\">En estos espacios, Grupo Eurocasa presentar\u00e1 modelos dise\u00f1ados para la temporada <strong data-start=\"2350\" data-end=\"2363\">2025-2026<\/strong>, entre los que se incluyen mobil homes residenciales de hasta cuatro habitaciones, perfectos para familias numerosas o grupos, adem\u00e1s de <strong data-start=\"2501\" data-end=\"2556\">soluciones modulares para servicios complementarios<\/strong>: sanitarios, vestuarios, bares y espacios de almacenamiento.<\/p>\n<p>&nbsp;<\/p>\n<h2 data-start=\"2626\" data-end=\"2681\">Sal\u00f3n Sett Montpellier: el mayor encuentro europeo<\/h2>\n<p data-start=\"2683\" data-end=\"2943\">Tras Atlantica, llegar\u00e1 el turno del <strong data-start=\"2720\" data-end=\"2734\">Sal\u00f3n Sett<\/strong>, que tendr\u00e1 lugar en Montpellier del <strong data-start=\"2772\" data-end=\"2803\">4 al 6 de noviembre de 2025<\/strong>. Considerado como el evento europeo de referencia en equipamiento de campings, re\u00fane a m\u00e1s de 15.000 visitantes y cientos de expositores.<\/p>\n<p data-start=\"2945\" data-end=\"3266\">Eurocasa, a trav\u00e9s de sus marcas Nidify y Luxury, volver\u00e1 a ocupar un lugar central en esta feria. La empresa presentar\u00e1 su amplia gama de soluciones habitacionales que combinan <strong data-start=\"3123\" data-end=\"3185\">dise\u00f1o contempor\u00e1neo, durabilidad y rentabilidad econ\u00f3mica<\/strong>, respondiendo a las demandas actuales de los gestores de complejos tur\u00edsticos.<\/p>\n<p data-start=\"3268\" data-end=\"3621\">El Sett ser\u00e1 tambi\u00e9n el escenario id\u00f3neo para mantener un di\u00e1logo directo con los profesionales del sector, compartir experiencias y anticipar las tendencias que marcar\u00e1n el futuro de la h\u00f4tellerie de plein air en Europa. Una raz\u00f3n m\u00e1s por la que este encuentro se ha consolidado como una de las <em data-start=\"3564\" data-end=\"3587\">ferias de mobil homes<\/em> m\u00e1s influyentes del continente.<\/p>\n<h2 data-start=\"3628\" data-end=\"3693\">Innovaci\u00f3n, sostenibilidad y experiencia: el ADN de Eurocasa<\/h2>\n<p data-start=\"3695\" data-end=\"4055\">Con presencia consolidada en m\u00e1s de 1.000 campings de toda Europa, Grupo Eurocasa se distingue por su modelo de fabricaci\u00f3n integrado: produce internamente hasta el 98% de los componentes de sus viviendas, lo que le permite garantizar calidad, flexibilidad y plazos de entrega r\u00e9cord.<\/p>\n<p data-start=\"4057\" data-end=\"4104\"><img decoding=\"async\" class=\"aligncenter wp-image-40874 size-full\" src=\"https:\/\/eurocasas.com\/wp-content\/uploads\/2025\/09\/Collage_ECOmobilhome-1.jpg\" alt=\"Luxury en las principales ferias de mobil homes\" width=\"940\" height=\"788\" srcset=\"https:\/\/eurocasas.com\/wp-content\/uploads\/2025\/09\/Collage_ECOmobilhome-1.jpg 940w, https:\/\/eurocasas.com\/wp-content\/uploads\/2025\/09\/Collage_ECOmobilhome-1-300x251.jpg 300w, https:\/\/eurocasas.com\/wp-content\/uploads\/2025\/09\/Collage_ECOmobilhome-1-768x644.jpg 768w, https:\/\/eurocasas.com\/wp-content\/uploads\/2025\/09\/Collage_ECOmobilhome-1-14x12.jpg 14w, https:\/\/eurocasas.com\/wp-content\/uploads\/2025\/09\/Collage_ECOmobilhome-1-24x20.jpg 24w, https:\/\/eurocasas.com\/wp-content\/uploads\/2025\/09\/Collage_ECOmobilhome-1-36x30.jpg 36w, https:\/\/eurocasas.com\/wp-content\/uploads\/2025\/09\/Collage_ECOmobilhome-1-48x40.jpg 48w\" sizes=\"(max-width: 940px) 100vw, 940px\" \/>Entre sus compromisos diferenciales destacan:<\/p>\n<ul data-start=\"4106\" data-end=\"4807\">\n<li data-start=\"4106\" data-end=\"4247\">\n<p data-start=\"4108\" data-end=\"4247\"><strong data-start=\"4108\" data-end=\"4126\">Sostenibilidad<\/strong>: reciclaje del 98% de los residuos industriales y producci\u00f3n con energ\u00eda solar fotovoltaica instalada en sus f\u00e1bricas.<\/p>\n<\/li>\n<li data-start=\"4248\" data-end=\"4389\">\n<p data-start=\"4250\" data-end=\"4389\"><strong data-start=\"4250\" data-end=\"4275\">Eficiencia energ\u00e9tica<\/strong>: soluciones constructivas con altos niveles de aislamiento, climatizaci\u00f3n inteligente y materiales sostenibles.<\/p>\n<\/li>\n<li data-start=\"4390\" data-end=\"4532\">\n<p data-start=\"4392\" data-end=\"4532\"><strong data-start=\"4392\" data-end=\"4417\">Personalizaci\u00f3n total<\/strong>: mobil homes y m\u00f3dulos dise\u00f1ados a medida, con estilos, distribuciones y acabados que se adaptan a cada cliente.<\/p>\n<\/li>\n<li data-start=\"4533\" data-end=\"4661\">\n<p data-start=\"4535\" data-end=\"4661\"><strong data-start=\"4535\" data-end=\"4555\">Log\u00edstica propia<\/strong>: m\u00e1s de 30 veh\u00edculos y equipos de montaje garantizan transporte e instalaci\u00f3n sin depender de terceros.<\/p>\n<\/li>\n<li data-start=\"4662\" data-end=\"4807\">\n<p data-start=\"4664\" data-end=\"4807\"><strong data-start=\"4664\" data-end=\"4686\">Dise\u00f1os exclusivos<\/strong>: interiores modernos, luminosos y funcionales, que maximizan la experiencia del usuario y la rentabilidad del negocio.<\/p>\n<\/li>\n<\/ul>\n<h2 data-start=\"4814\" data-end=\"4861\">Modelos que marcar\u00e1n la diferencia en 2026<\/h2>\n<p data-start=\"4863\" data-end=\"4996\">Durante ambas <em data-start=\"4877\" data-end=\"4900\">ferias de mobil homes<\/em>, los visitantes podr\u00e1n descubrir algunas de las referencias m\u00e1s esperadas de Nidify y Luxury:<\/p>\n<ul data-start=\"4998\" data-end=\"5369\">\n<li data-start=\"4998\" data-end=\"5125\">\n<p data-start=\"5000\" data-end=\"5125\"><strong data-start=\"5000\" data-end=\"5027\">Bora Bora Panoramic 863<\/strong>: un modelo que apuesta por la luz natural, con amplias cristaleras y vistas panor\u00e1micas \u00fanicas.<\/p>\n<\/li>\n<li data-start=\"5126\" data-end=\"5258\">\n<p data-start=\"5128\" data-end=\"5258\"><strong data-start=\"5128\" data-end=\"5145\">Santorini 863<\/strong>: mobil home espacioso con tres habitaciones, ideal para familias que buscan comodidad sin renunciar al dise\u00f1o.<\/p>\n<\/li>\n<li data-start=\"5259\" data-end=\"5369\">\n<p data-start=\"5261\" data-end=\"5369\"><strong data-start=\"5261\" data-end=\"5280\">Miami Beach 863<\/strong>: la propuesta premium de la gama, que combina elegancia, confort y altas prestaciones.<\/p>\n<\/li>\n<\/ul>\n<p data-start=\"5371\" data-end=\"5612\">La <strong data-start=\"5374\" data-end=\"5394\">colecci\u00f3n Luxury<\/strong> complementar\u00e1 esta oferta, reforzando el posicionamiento de Grupo Eurocasa en el segmento de mobil homes de alta gama, destinados a campings y resorts que buscan diferenciarse en un mercado cada vez m\u00e1s competitivo.<\/p>\n<h2 data-start=\"5619\" data-end=\"5658\">M\u00e1s de 25 a\u00f1os construyendo sue\u00f1os<\/h2>\n<p data-start=\"5660\" data-end=\"6189\">Desde sus inicios a finales de los a\u00f1os 90, Eurocasa ha trabajado con grandes turoperadores y cadenas hoteleras, fabricando m\u00e1s de 2.000 unidades al a\u00f1o repartidas por Espa\u00f1a, Francia, Portugal, Italia, Inglaterra y otros destinos. Sus proyectos emblem\u00e1ticos incluyen resorts como <strong data-start=\"5978\" data-end=\"6024\">Magic Natura y Magic Robin Hood (Alicante)<\/strong>, <strong data-start=\"6026\" data-end=\"6063\">Camping Bayona Playa (Pontevedra)<\/strong> o <strong data-start=\"6066\" data-end=\"6096\">Marjal Resorts (Tarragona)<\/strong>, donde la empresa ha creado mobil homes tem\u00e1ticas, exclusivas y totalmente personalizadas.<\/p>\n<p data-start=\"6191\" data-end=\"6354\">Estos hitos han convertido a Grupo Eurocasa en un aliado estrat\u00e9gico para los campings y resorts que buscan innovaci\u00f3n y confianza en sus proyectos de expansi\u00f3n.<\/p>\n<h2 data-start=\"6361\" data-end=\"6410\">Una cita imprescindible para mirar al futuro<\/h2>\n<p data-start=\"6412\" data-end=\"6625\">Los pr\u00f3ximos meses ser\u00e1n decisivos para el sector de la hosteler\u00eda al aire libre. La participaci\u00f3n de Eurocasa en el <strong data-start=\"6529\" data-end=\"6569\">Sal\u00f3n Atlantica y el Sal\u00f3n Sett 2025<\/strong> refuerza su liderazgo y compromiso con la innovaci\u00f3n.<\/p>\n<p data-start=\"6627\" data-end=\"6905\">Con <strong data-start=\"6631\" data-end=\"6650\"><a href=\"https:\/\/eurocasas.com\/en\/mobil-homes\/\">Nidify<\/a> y Luxury<\/strong> como protagonistas, el grupo empresarial invita a todos los profesionales a descubrir de primera mano las tendencias y novedades que definir\u00e1n la temporada <strong data-start=\"6807\" data-end=\"6815\">2026<\/strong>: un futuro m\u00e1s sostenible, innovador y alineado con las expectativas del cliente final.<\/p>\n<p data-start=\"6907\" data-end=\"7026\">Porque, como reza el lema de Eurocasa: <strong data-start=\"6946\" data-end=\"6986\">\u201cSi puedes so\u00f1arlo, podemos crearlo\u201d<\/strong>.<\/p>\n<p data-start=\"7033\" data-end=\"7062\">\n<p data-start=\"7033\" data-end=\"7062\">\ud83d\udc49 <strong data-start=\"7036\" data-end=\"7060\">Informaci\u00f3n pr\u00e1ctica<\/strong><\/p>\n<ul data-start=\"7063\" data-end=\"7343\">\n<li data-start=\"7063\" data-end=\"7239\">\n<p data-start=\"7065\" data-end=\"7239\"><strong data-start=\"7065\" data-end=\"7089\">Sal\u00f3n Atlantica 2025<\/strong><br data-start=\"7089\" data-end=\"7092\" \/>\ud83d\udccd Parc des Expositions de Niort<br data-start=\"7124\" data-end=\"7127\" \/>\ud83d\udcc5 07, 08 y 09 de octubre de 2025<br data-start=\"7160\" data-end=\"7163\" \/>\ud83d\udc49 Stand Expo EXT01 (552 m\u00b2 \u2013 Nidify) &amp; Stand Expo EXT25 (160 m\u00b2 \u2013 Luxury)<\/p>\n<\/li>\n<li data-start=\"7241\" data-end=\"7343\">\n<p data-start=\"7243\" data-end=\"7343\"><strong data-start=\"7243\" data-end=\"7262\">Sal\u00f3n Sett 2025<\/strong><br data-start=\"7262\" data-end=\"7265\" \/>\ud83d\udccd Parc des Expositions de Montpellier<br data-start=\"7303\" data-end=\"7306\" \/>\ud83d\udcc5 04, 05 y 06 de noviembre de 2025<\/p>\n<\/li>\n<\/ul>","protected":false},"excerpt":{"rendered":"<p>Grupo Eurocasa presentar\u00e1 novedades para Nidify y Luxury en las ferias de mobil homes l\u00edderes en Europa con las tendencias de 2026.<\/p>","protected":false},"author":1,"featured_media":40876,"comment_status":"closed","ping_status":"open","sticky":false,"template":"","format":"image","meta":{"footnotes":""},"categories":[311,306,61],"tags":[],"post_folder":[],"_links":{"self":[{"href":"https:\/\/eurocasas.com\/en\/wp-json\/wp\/v2\/posts\/40840"}],"collection":[{"href":"https:\/\/eurocasas.com\/en\/wp-json\/wp\/v2\/posts"}],"about":[{"href":"https:\/\/eurocasas.com\/en\/wp-json\/wp\/v2\/types\/post"}],"author":[{"embeddable":true,"href":"https:\/\/eurocasas.com\/en\/wp-json\/wp\/v2\/users\/1"}],"replies":[{"embeddable":true,"href":"https:\/\/eurocasas.com\/en\/wp-json\/wp\/v2\/comments?post=40840"}],"version-history":[{"count":2,"href":"https:\/\/eurocasas.com\/en\/wp-json\/wp\/v2\/posts\/40840\/revisions"}],"predecessor-version":[{"id":40877,"href":"https:\/\/eurocasas.com\/en\/wp-json\/wp\/v2\/posts\/40840\/revisions\/40877"}],"wp:featuredmedia":[{"embeddable":true,"href":"https:\/\/eurocasas.com\/en\/wp-json\/wp\/v2\/media\/40876"}],"wp:attachment":[{"href":"https:\/\/eurocasas.com\/en\/wp-json\/wp\/v2\/media?parent=40840"}],"wp:term":[{"taxonomy":"category","embeddable":true,"href":"https:\/\/eurocasas.com\/en\/wp-json\/wp\/v2\/categories?post=40840"},{"taxonomy":"post_tag","embeddable":true,"href":"https:\/\/eurocasas.com\/en\/wp-json\/wp\/v2\/tags?post=40840"},{"taxonomy":"post_folder","embeddable":true,"href":"https:\/\/eurocasas.com\/en\/wp-json\/wp\/v2\/post_folder?post=40840"}],"curies":[{"name":"wp","href":"https:\/\/api.w.org\/{rel}","templated":true}]}}