{"id":41187,"date":"2025-10-28T08:31:51","date_gmt":"2025-10-28T08:31:51","guid":{"rendered":"https:\/\/eurocasas.com\/?p=41187"},"modified":"2025-10-28T08:31:51","modified_gmt":"2025-10-28T08:31:51","slug":"casa-rural-prefabricada","status":"publish","type":"post","link":"https:\/\/eurocasas.com\/en\/casa-rural-prefabricada\/","title":{"rendered":"Apartamentos &#8220;El Prau\u201d, casa rural prefabricada que impulsa el turismo"},"content":{"rendered":"<h1 data-start=\"720\" data-end=\"772\">Apartamentos &#8220;El Prau\u201d, casa rural prefabricada que impulsa el turismo<br \/>\nInnovaci\u00f3n tur\u00edstica en el coraz\u00f3n de Cantabria<\/h1>\n<p data-start=\"774\" data-end=\"1157\">En la pedan\u00eda de <strong data-start=\"791\" data-end=\"802\">Ubiarco<\/strong>, perteneciente al municipio de Santillana del Mar, se levanta el complejo <strong data-start=\"877\" data-end=\"902\">Apartamentos &#8220;El Prau&#8221;<\/strong>, un ejemplo de innovaci\u00f3n y eficiencia constructiva en el turismo rural. Este<strong> proyecto familiar<\/strong> apost\u00f3 por una casa rural prefabricada de Eurocasa para crear un alojamiento <strong>moderno, accesible y en perfecta armon\u00eda con el entorno natural c\u00e1ntabro<\/strong>. Con <strong>vistas al mar y a la monta\u00f1a<\/strong>, la ubicaci\u00f3n es inmejorable: un enclave tranquilo, rodeado de rutas naturales y muy pr\u00f3ximo a los principales puntos tur\u00edsticos de la regi\u00f3n.<\/p>\n<p data-start=\"774\" data-end=\"1157\">\n<p><iframe title=\"Caso de \u00e9xito | Apartamentos &quot;El Prau&quot; \u2013 Innovaci\u00f3n tur\u00edstica en el coraz\u00f3n de Cantabria\" width=\"640\" height=\"360\" src=\"https:\/\/www.youtube.com\/embed\/Wq7NrYkQh5I?feature=oembed\" frameborder=\"0\" allow=\"accelerometer; autoplay; clipboard-write; encrypted-media; gyroscope; picture-in-picture; web-share\" referrerpolicy=\"strict-origin-when-cross-origin\" allowfullscreen><\/iframe><\/p>\n<h2 style=\"text-align: center;\" data-start=\"1343\" data-end=\"1406\"><\/h2>\n<h2 style=\"text-align: left;\" data-start=\"1343\" data-end=\"1406\">Eurocasa: aliado estrat\u00e9gico en el desarrollo del proyecto<\/h2>\n<p data-start=\"1408\" data-end=\"1740\">La elecci\u00f3n de una casa rural prefabricada no fue casualidad. Los propietarios buscaban rapidez, garant\u00edas de calidad y un acompa\u00f1amiento t\u00e9cnico integral. Eurocasa asumi\u00f3 el reto completo: <strong>desde el dise\u00f1o inicial y la personalizaci\u00f3n del proyecto<\/strong>, hasta la fabricaci\u00f3n, transporte e instalaci\u00f3n en un terreno con pendiente.<\/p>\n<p data-start=\"1742\" data-end=\"2021\">Gracias a la tecnolog\u00eda modular de Eurocasa, el montaje se realiz\u00f3 en tiempo r\u00e9cord, minimizando residuos y sin necesidad de coordinaci\u00f3n de m\u00faltiples gremios. El resultado: viviendas completamente equipadas, eficientes y listas para recibir hu\u00e9spedes en apenas unas semanas.<\/p>\n<blockquote data-start=\"3045\" data-end=\"3207\">\n<p data-start=\"3047\" data-end=\"3207\">\u201cEurocasa me dio confianza desde el primer d\u00eda. Cumplieron los plazos, me ayudaron con las licencias y el resultado final super\u00f3 mis expectativas.\u201d<br data-start=\"3194\" data-end=\"3197\" \/>\u2014 Jos\u00e9<\/p>\n<p data-start=\"3047\" data-end=\"3207\">\n<\/blockquote>\n<h2 data-start=\"2028\" data-end=\"2071\"><img decoding=\"async\" class=\"aligncenter wp-image-41192 size-full\" src=\"https:\/\/eurocasas.com\/wp-content\/uploads\/2025\/10\/ElPrau_1.webp\" alt=\"Apartamentos &quot;El Prau&quot;: una casa rural prefabricada del Grupo Eurocasa\" width=\"1200\" height=\"675\" srcset=\"https:\/\/eurocasas.com\/wp-content\/uploads\/2025\/10\/ElPrau_1.webp 1200w, https:\/\/eurocasas.com\/wp-content\/uploads\/2025\/10\/ElPrau_1-300x169.webp 300w, https:\/\/eurocasas.com\/wp-content\/uploads\/2025\/10\/ElPrau_1-1024x576.webp 1024w, https:\/\/eurocasas.com\/wp-content\/uploads\/2025\/10\/ElPrau_1-768x432.webp 768w, https:\/\/eurocasas.com\/wp-content\/uploads\/2025\/10\/ElPrau_1-18x10.webp 18w, https:\/\/eurocasas.com\/wp-content\/uploads\/2025\/10\/ElPrau_1-24x14.webp 24w, https:\/\/eurocasas.com\/wp-content\/uploads\/2025\/10\/ElPrau_1-36x20.webp 36w, https:\/\/eurocasas.com\/wp-content\/uploads\/2025\/10\/ElPrau_1-48x27.webp 48w\" sizes=\"(max-width: 1200px) 100vw, 1200px\" \/><\/h2>\n<h2 data-start=\"2028\" data-end=\"2071\"><\/h2>\n<h2 data-start=\"2028\" data-end=\"2071\">Dise\u00f1o, accesibilidad y sostenibilidad<\/h2>\n<p data-start=\"2073\" data-end=\"2266\">El complejo tur\u00edstico se compone de <a href=\"https:\/\/eurocasas.com\/en\/casa-prefabricada-modular-villa\/\"><strong>ocho alojamientos<\/strong><\/a> \u2014cuatro iniciales y cuatro a\u00f1adidos posteriormente\u2014 dise\u00f1ados bajo los est\u00e1ndares de accesibilidad y confort exigidos en el sector. Cada casa rural prefabricada cuenta con espacios amplios, <strong>aislamiento t\u00e9rmico y ac\u00fastico<\/strong> de alta calidad, carpinter\u00eda de PVC con puente t\u00e9rmico, y <strong>soluciones adaptadas para personas con movilidad reducida<\/strong>. Adem\u00e1s, se integraron mejoras como <strong>purificadores de aire, puertas correderas, suelos vin\u00edlicos resistentes y sistemas de ventilaci\u00f3n<\/strong> que garantizan un ambiente saludable durante todo el a\u00f1o.\u00a0Esta eficiencia energ\u00e9tica se traduce en ahorro, sostenibilidad y un valor a\u00f1adido para los hu\u00e9spedes que buscan experiencias responsables y de calidad.<\/p>\n<div id='gallery-1' class='gallery galleryid-41187 gallery-columns-4 gallery-size-large'><figure class='gallery-item'>\n\t\t\t<div class='gallery-icon landscape'>\n\t\t\t\t<a href='https:\/\/eurocasas.com\/en\/casa-rural-prefabricada\/elprau_9\/'><img decoding=\"async\" width=\"640\" height=\"360\" src=\"https:\/\/eurocasas.com\/wp-content\/uploads\/2025\/10\/ElPrau_9-1024x576.webp\" class=\"attachment-large size-large\" alt=\"\" srcset=\"https:\/\/eurocasas.com\/wp-content\/uploads\/2025\/10\/ElPrau_9-1024x576.webp 1024w, https:\/\/eurocasas.com\/wp-content\/uploads\/2025\/10\/ElPrau_9-300x169.webp 300w, https:\/\/eurocasas.com\/wp-content\/uploads\/2025\/10\/ElPrau_9-768x432.webp 768w, https:\/\/eurocasas.com\/wp-content\/uploads\/2025\/10\/ElPrau_9-18x10.webp 18w, https:\/\/eurocasas.com\/wp-content\/uploads\/2025\/10\/ElPrau_9-24x14.webp 24w, https:\/\/eurocasas.com\/wp-content\/uploads\/2025\/10\/ElPrau_9-36x20.webp 36w, https:\/\/eurocasas.com\/wp-content\/uploads\/2025\/10\/ElPrau_9-48x27.webp 48w, https:\/\/eurocasas.com\/wp-content\/uploads\/2025\/10\/ElPrau_9.webp 1200w\" sizes=\"(max-width: 640px) 100vw, 640px\" \/><\/a>\n\t\t\t<\/div><\/figure><figure class='gallery-item'>\n\t\t\t<div class='gallery-icon landscape'>\n\t\t\t\t<a href='https:\/\/eurocasas.com\/en\/casa-rural-prefabricada\/elprau_10\/'><img decoding=\"async\" width=\"640\" height=\"360\" src=\"https:\/\/eurocasas.com\/wp-content\/uploads\/2025\/10\/ElPrau_10-1024x576.webp\" class=\"attachment-large size-large\" alt=\"\" srcset=\"https:\/\/eurocasas.com\/wp-content\/uploads\/2025\/10\/ElPrau_10-1024x576.webp 1024w, https:\/\/eurocasas.com\/wp-content\/uploads\/2025\/10\/ElPrau_10-300x169.webp 300w, https:\/\/eurocasas.com\/wp-content\/uploads\/2025\/10\/ElPrau_10-768x432.webp 768w, https:\/\/eurocasas.com\/wp-content\/uploads\/2025\/10\/ElPrau_10-18x10.webp 18w, https:\/\/eurocasas.com\/wp-content\/uploads\/2025\/10\/ElPrau_10-24x14.webp 24w, https:\/\/eurocasas.com\/wp-content\/uploads\/2025\/10\/ElPrau_10-36x20.webp 36w, https:\/\/eurocasas.com\/wp-content\/uploads\/2025\/10\/ElPrau_10-48x27.webp 48w, https:\/\/eurocasas.com\/wp-content\/uploads\/2025\/10\/ElPrau_10.webp 1200w\" sizes=\"(max-width: 640px) 100vw, 640px\" \/><\/a>\n\t\t\t<\/div><\/figure><figure class='gallery-item'>\n\t\t\t<div class='gallery-icon landscape'>\n\t\t\t\t<a href='https:\/\/eurocasas.com\/en\/casa-rural-prefabricada\/elprau_8\/'><img decoding=\"async\" width=\"640\" height=\"360\" src=\"https:\/\/eurocasas.com\/wp-content\/uploads\/2025\/10\/ElPrau_8-1024x576.webp\" class=\"attachment-large size-large\" alt=\"\" srcset=\"https:\/\/eurocasas.com\/wp-content\/uploads\/2025\/10\/ElPrau_8-1024x576.webp 1024w, https:\/\/eurocasas.com\/wp-content\/uploads\/2025\/10\/ElPrau_8-300x169.webp 300w, https:\/\/eurocasas.com\/wp-content\/uploads\/2025\/10\/ElPrau_8-768x432.webp 768w, https:\/\/eurocasas.com\/wp-content\/uploads\/2025\/10\/ElPrau_8-18x10.webp 18w, https:\/\/eurocasas.com\/wp-content\/uploads\/2025\/10\/ElPrau_8-24x14.webp 24w, https:\/\/eurocasas.com\/wp-content\/uploads\/2025\/10\/ElPrau_8-36x20.webp 36w, https:\/\/eurocasas.com\/wp-content\/uploads\/2025\/10\/ElPrau_8-48x27.webp 48w, https:\/\/eurocasas.com\/wp-content\/uploads\/2025\/10\/ElPrau_8.webp 1200w\" sizes=\"(max-width: 640px) 100vw, 640px\" \/><\/a>\n\t\t\t<\/div><\/figure><figure class='gallery-item'>\n\t\t\t<div class='gallery-icon landscape'>\n\t\t\t\t<a href='https:\/\/eurocasas.com\/en\/casa-rural-prefabricada\/elprau_11\/'><img decoding=\"async\" width=\"640\" height=\"360\" src=\"https:\/\/eurocasas.com\/wp-content\/uploads\/2025\/10\/ElPrau_11-1024x576.webp\" class=\"attachment-large size-large\" alt=\"\" srcset=\"https:\/\/eurocasas.com\/wp-content\/uploads\/2025\/10\/ElPrau_11-1024x576.webp 1024w, https:\/\/eurocasas.com\/wp-content\/uploads\/2025\/10\/ElPrau_11-300x169.webp 300w, https:\/\/eurocasas.com\/wp-content\/uploads\/2025\/10\/ElPrau_11-768x432.webp 768w, https:\/\/eurocasas.com\/wp-content\/uploads\/2025\/10\/ElPrau_11-18x10.webp 18w, https:\/\/eurocasas.com\/wp-content\/uploads\/2025\/10\/ElPrau_11-24x14.webp 24w, https:\/\/eurocasas.com\/wp-content\/uploads\/2025\/10\/ElPrau_11-36x20.webp 36w, https:\/\/eurocasas.com\/wp-content\/uploads\/2025\/10\/ElPrau_11-48x27.webp 48w, https:\/\/eurocasas.com\/wp-content\/uploads\/2025\/10\/ElPrau_11.webp 1200w\" sizes=\"(max-width: 640px) 100vw, 640px\" \/><\/a>\n\t\t\t<\/div><\/figure>\n\t\t<\/div>\n\n<h2 data-start=\"2836\" data-end=\"2886\">Un modelo de turismo rural moderno y rentable<\/h2>\n<p data-start=\"2888\" data-end=\"3174\">El crecimiento del turismo de interior ha impulsado la demanda de alojamientos que combinen dise\u00f1o, comodidad y sostenibilidad. En este contexto, el caso de <strong data-start=\"3045\" data-end=\"3070\">Apartamentos &#8220;El Prau&#8221;<\/strong> muestra c\u00f3mo una casa rural prefabricada puede convertirse en una inversi\u00f3n rentable y escalable. El proyecto parti\u00f3 de cuatro viviendas iniciales y, tras el \u00e9xito de ocupaci\u00f3n y las excelentes valoraciones de los clientes, se ampli\u00f3 con nuevas unidades en una segunda fase.<\/p>\n<div id='gallery-2' class='gallery galleryid-41187 gallery-columns-3 gallery-size-large'><figure class='gallery-item'>\n\t\t\t<div class='gallery-icon landscape'>\n\t\t\t\t<a href='https:\/\/eurocasas.com\/en\/casa-rural-prefabricada\/elprau_13\/'><img decoding=\"async\" width=\"640\" height=\"360\" src=\"https:\/\/eurocasas.com\/wp-content\/uploads\/2025\/10\/ElPrau_13-1024x576.webp\" class=\"attachment-large size-large\" alt=\"Apartamentos &quot;El Prau&quot;: una casa rural prefabricada del Grupo Eurocasa - Cu\u00e1nto cuesta una casa modular\" srcset=\"https:\/\/eurocasas.com\/wp-content\/uploads\/2025\/10\/ElPrau_13-1024x576.webp 1024w, https:\/\/eurocasas.com\/wp-content\/uploads\/2025\/10\/ElPrau_13-300x169.webp 300w, https:\/\/eurocasas.com\/wp-content\/uploads\/2025\/10\/ElPrau_13-768x432.webp 768w, https:\/\/eurocasas.com\/wp-content\/uploads\/2025\/10\/ElPrau_13-18x10.webp 18w, https:\/\/eurocasas.com\/wp-content\/uploads\/2025\/10\/ElPrau_13-24x14.webp 24w, https:\/\/eurocasas.com\/wp-content\/uploads\/2025\/10\/ElPrau_13-36x20.webp 36w, https:\/\/eurocasas.com\/wp-content\/uploads\/2025\/10\/ElPrau_13-48x27.webp 48w, https:\/\/eurocasas.com\/wp-content\/uploads\/2025\/10\/ElPrau_13.webp 1200w\" sizes=\"(max-width: 640px) 100vw, 640px\" \/><\/a>\n\t\t\t<\/div><\/figure><figure class='gallery-item'>\n\t\t\t<div class='gallery-icon landscape'>\n\t\t\t\t<a href='https:\/\/eurocasas.com\/en\/casa-rural-prefabricada\/elprau_2\/'><img decoding=\"async\" width=\"640\" height=\"360\" src=\"https:\/\/eurocasas.com\/wp-content\/uploads\/2025\/10\/ElPrau_2-1024x576.webp\" class=\"attachment-large size-large\" alt=\"Apartamentos &quot;El Prau&quot;: una casa rural prefabricada del Grupo Eurocasa - Cu\u00e1nto cuesta una casa modular\" srcset=\"https:\/\/eurocasas.com\/wp-content\/uploads\/2025\/10\/ElPrau_2-1024x576.webp 1024w, https:\/\/eurocasas.com\/wp-content\/uploads\/2025\/10\/ElPrau_2-300x169.webp 300w, https:\/\/eurocasas.com\/wp-content\/uploads\/2025\/10\/ElPrau_2-768x432.webp 768w, https:\/\/eurocasas.com\/wp-content\/uploads\/2025\/10\/ElPrau_2-18x10.webp 18w, https:\/\/eurocasas.com\/wp-content\/uploads\/2025\/10\/ElPrau_2-24x14.webp 24w, https:\/\/eurocasas.com\/wp-content\/uploads\/2025\/10\/ElPrau_2-36x20.webp 36w, https:\/\/eurocasas.com\/wp-content\/uploads\/2025\/10\/ElPrau_2-48x27.webp 48w, https:\/\/eurocasas.com\/wp-content\/uploads\/2025\/10\/ElPrau_2.webp 1200w\" sizes=\"(max-width: 640px) 100vw, 640px\" \/><\/a>\n\t\t\t<\/div><\/figure><figure class='gallery-item'>\n\t\t\t<div class='gallery-icon landscape'>\n\t\t\t\t<a href='https:\/\/eurocasas.com\/en\/casa-rural-prefabricada\/elprau_4\/'><img decoding=\"async\" width=\"640\" height=\"360\" src=\"https:\/\/eurocasas.com\/wp-content\/uploads\/2025\/10\/ElPrau_4-1024x576.webp\" class=\"attachment-large size-large\" alt=\"Apartamentos &quot;El Prau&quot;: una casa rural prefabricada del Grupo Eurocasa\" srcset=\"https:\/\/eurocasas.com\/wp-content\/uploads\/2025\/10\/ElPrau_4-1024x576.webp 1024w, https:\/\/eurocasas.com\/wp-content\/uploads\/2025\/10\/ElPrau_4-300x169.webp 300w, https:\/\/eurocasas.com\/wp-content\/uploads\/2025\/10\/ElPrau_4-768x432.webp 768w, https:\/\/eurocasas.com\/wp-content\/uploads\/2025\/10\/ElPrau_4-18x10.webp 18w, https:\/\/eurocasas.com\/wp-content\/uploads\/2025\/10\/ElPrau_4-24x14.webp 24w, https:\/\/eurocasas.com\/wp-content\/uploads\/2025\/10\/ElPrau_4-36x20.webp 36w, https:\/\/eurocasas.com\/wp-content\/uploads\/2025\/10\/ElPrau_4-48x27.webp 48w, https:\/\/eurocasas.com\/wp-content\/uploads\/2025\/10\/ElPrau_4.webp 1200w\" sizes=\"(max-width: 640px) 100vw, 640px\" \/><\/a>\n\t\t\t<\/div><\/figure>\n\t\t<\/div>\n\n<p data-start=\"3356\" data-end=\"3496\">La flexibilidad del sistema modular de Eurocasa permiti\u00f3 esta expansi\u00f3n sin complicaciones ni interrupciones en la actividad del complejo.<\/p>\n<blockquote data-start=\"4146\" data-end=\"4361\">\n<p data-start=\"4148\" data-end=\"4361\">\u201cEste proyecto es familiar, lo llevamos entre todos. Nuestros clientes valoran la tranquilidad, las vistas y la comodidad de las casas. Muchos repiten a\u00f1o tras a\u00f1o.\u201d<br data-start=\"4313\" data-end=\"4316\" \/>\u2014 Irene, gestora de Apartamentos El Prado<\/p>\n<\/blockquote>\n<p data-start=\"4363\" data-end=\"4543\">El entorno natural, la cercan\u00eda al mar y el ambiente acogedor hacen de este complejo un destino ideal para familias, parejas o viajeros s\u00e9nior que buscan descanso y autenticidad.<\/p>\n<h2 data-start=\"3503\" data-end=\"3559\"><\/h2>\n<h2 data-start=\"3503\" data-end=\"3559\">Integraci\u00f3n con el entorno y experiencia de cliente<\/h2>\n<p data-start=\"3561\" data-end=\"3780\">El dise\u00f1o de las casas prioriza la<strong> integraci\u00f3n paisaj\u00edstica<\/strong>. Las fachadas de tonos naturales, la piedra local y los acabados de estilo r\u00fastico contempor\u00e1neo se combinan con interiores funcionales, c\u00e1lidos y luminosos.<\/p>\n<p data-start=\"3561\" data-end=\"3780\"><strong> Los hu\u00e9spedes disfrutan de una experiencia completa:<\/strong> vistas panor\u00e1micas, espacios confortables y un entorno tranquilo a pocos minutos de la costa. Este <strong>equilibrio entre est\u00e9tica, eficiencia y confort<\/strong> convierte a cada casa rural prefabricada en un producto de alto valor para el sector tur\u00edstico.<\/p>\n<h2 data-start=\"4092\" data-end=\"4140\"><\/h2>\n<h2 data-start=\"4092\" data-end=\"4140\">Eurocasa: compromiso, eficiencia y cercan\u00eda<\/h2>\n<p data-start=\"4142\" data-end=\"4376\">El \u00e9xito de este proyecto es fruto de una<strong> colaboraci\u00f3n s\u00f3lida entre el cliente y el equipo de Eurocasa<\/strong>. Desde el asesoramiento t\u00e9cnico hasta el servicio postventa, la implicaci\u00f3n fue constante para asegurar un resultado impecable.<\/p>\n<h2 data-start=\"4092\" data-end=\"4140\"><img decoding=\"async\" class=\"aligncenter wp-image-41194 size-large\" src=\"https:\/\/eurocasas.com\/wp-content\/uploads\/2025\/10\/ElPrau_3-1024x576.webp\" alt=\"Apartamentos &quot;El Prau&quot;: una casa rural prefabricada del Grupo Eurocasa\" width=\"1024\" height=\"576\" srcset=\"https:\/\/eurocasas.com\/wp-content\/uploads\/2025\/10\/ElPrau_3-1024x576.webp 1024w, https:\/\/eurocasas.com\/wp-content\/uploads\/2025\/10\/ElPrau_3-300x169.webp 300w, https:\/\/eurocasas.com\/wp-content\/uploads\/2025\/10\/ElPrau_3-768x432.webp 768w, https:\/\/eurocasas.com\/wp-content\/uploads\/2025\/10\/ElPrau_3-18x10.webp 18w, https:\/\/eurocasas.com\/wp-content\/uploads\/2025\/10\/ElPrau_3-24x14.webp 24w, https:\/\/eurocasas.com\/wp-content\/uploads\/2025\/10\/ElPrau_3-36x20.webp 36w, https:\/\/eurocasas.com\/wp-content\/uploads\/2025\/10\/ElPrau_3-48x27.webp 48w, https:\/\/eurocasas.com\/wp-content\/uploads\/2025\/10\/ElPrau_3.webp 1200w\" sizes=\"(max-width: 1024px) 100vw, 1024px\" \/><\/h2>\n<p data-start=\"4378\" data-end=\"4564\">Eurocasa se posiciona as\u00ed como un <strong data-start=\"4412\" data-end=\"4471\">aliado estrat\u00e9gico para emprendedores del turismo rural<\/strong>, ofreciendo soluciones personalizadas que combinan rapidez, calidad constructiva y dise\u00f1o.<\/p>\n<blockquote data-start=\"5492\" data-end=\"5620\">\n<p data-start=\"5494\" data-end=\"5620\">\u201cSi tuviera que definir mi experiencia con Eurocasa en tres palabras, ser\u00edan: eficacia, formalidad y compromiso.\u201d<br data-start=\"5607\" data-end=\"5610\" \/>\u2014 Jos\u00e9<\/p>\n<\/blockquote>\n<p data-start=\"5622\" data-end=\"5683\">Para Irene, la relaci\u00f3n con Eurocasa tambi\u00e9n ha sido clave:<\/p>\n<blockquote data-start=\"5684\" data-end=\"5777\">\n<p data-start=\"5686\" data-end=\"5777\">\u201cSolo tienes que levantar el tel\u00e9fono y est\u00e1n ah\u00ed. Su rapidez y atenci\u00f3n son impecables.\u201d<\/p>\n<\/blockquote>\n<h2 data-start=\"4571\" data-end=\"4626\"><\/h2>\n<h2 data-start=\"4571\" data-end=\"4626\">Una casa rural prefabricada como ejemplo de futuro<\/h2>\n<p data-start=\"4628\" data-end=\"4813\">El caso de <a href=\"https:\/\/enhoteles.es\/apartamentos-el-prau\/\" target=\"_blank\" rel=\"noopener\"><strong data-start=\"4639\" data-end=\"4664\">Apartamentos &#8220;El Prau&#8221;<\/strong> <\/a>refleja una tendencia en auge: el uso de casas rurales prefabricadas como<strong> alternativa sostenible y eficiente para nuevos proyectos tur\u00edsticos.<\/strong><\/p>\n<p data-start=\"4815\" data-end=\"5026\">Este modelo de construcci\u00f3n permite a particulares y empresas desarrollar alojamientos rurales, resorts o segundas residencias con todas las garant\u00edas estructurales y est\u00e9ticas, optimizando tiempos y recursos.<\/p>\n<p data-start=\"5028\" data-end=\"5251\">La experiencia de Ubiarco es una prueba tangible de que la <strong>construcci\u00f3n modular<\/strong> no solo es el futuro del sector, sino tambi\u00e9n <strong>una herramienta estrat\u00e9gica para dinamizar el turismo local<\/strong> con responsabilidad y rentabilidad.<\/p>\n<div id='gallery-3' class='gallery galleryid-41187 gallery-columns-3 gallery-size-large'><figure class='gallery-item'>\n\t\t\t<div class='gallery-icon landscape'>\n\t\t\t\t<a href=\"https:\/\/eurocasas.com\/en\/casa-rural-prefabricada\/elprau_6\/\"><img decoding=\"async\" width=\"640\" height=\"360\" src=\"https:\/\/eurocasas.com\/wp-content\/uploads\/2025\/10\/ElPrau_6-1024x576.webp\" class=\"attachment-large size-large\" alt=\"\" srcset=\"https:\/\/eurocasas.com\/wp-content\/uploads\/2025\/10\/ElPrau_6-1024x576.webp 1024w, https:\/\/eurocasas.com\/wp-content\/uploads\/2025\/10\/ElPrau_6-300x169.webp 300w, https:\/\/eurocasas.com\/wp-content\/uploads\/2025\/10\/ElPrau_6-768x432.webp 768w, https:\/\/eurocasas.com\/wp-content\/uploads\/2025\/10\/ElPrau_6-18x10.webp 18w, https:\/\/eurocasas.com\/wp-content\/uploads\/2025\/10\/ElPrau_6-24x14.webp 24w, https:\/\/eurocasas.com\/wp-content\/uploads\/2025\/10\/ElPrau_6-36x20.webp 36w, https:\/\/eurocasas.com\/wp-content\/uploads\/2025\/10\/ElPrau_6-48x27.webp 48w, https:\/\/eurocasas.com\/wp-content\/uploads\/2025\/10\/ElPrau_6.webp 1200w\" sizes=\"(max-width: 640px) 100vw, 640px\" \/><\/a>\n\t\t\t<\/div><\/figure><figure class='gallery-item'>\n\t\t\t<div class='gallery-icon landscape'>\n\t\t\t\t<a href=\"https:\/\/eurocasas.com\/en\/casa-rural-prefabricada\/elprau_7\/\"><img decoding=\"async\" width=\"640\" height=\"360\" src=\"https:\/\/eurocasas.com\/wp-content\/uploads\/2025\/10\/ElPrau_7-1024x576.webp\" class=\"attachment-large size-large\" alt=\"\" srcset=\"https:\/\/eurocasas.com\/wp-content\/uploads\/2025\/10\/ElPrau_7-1024x576.webp 1024w, https:\/\/eurocasas.com\/wp-content\/uploads\/2025\/10\/ElPrau_7-300x169.webp 300w, https:\/\/eurocasas.com\/wp-content\/uploads\/2025\/10\/ElPrau_7-768x432.webp 768w, https:\/\/eurocasas.com\/wp-content\/uploads\/2025\/10\/ElPrau_7-18x10.webp 18w, https:\/\/eurocasas.com\/wp-content\/uploads\/2025\/10\/ElPrau_7-24x14.webp 24w, https:\/\/eurocasas.com\/wp-content\/uploads\/2025\/10\/ElPrau_7-36x20.webp 36w, https:\/\/eurocasas.com\/wp-content\/uploads\/2025\/10\/ElPrau_7-48x27.webp 48w, https:\/\/eurocasas.com\/wp-content\/uploads\/2025\/10\/ElPrau_7.webp 1200w\" sizes=\"(max-width: 640px) 100vw, 640px\" \/><\/a>\n\t\t\t<\/div><\/figure><figure class='gallery-item'>\n\t\t\t<div class='gallery-icon landscape'>\n\t\t\t\t<a href=\"https:\/\/eurocasas.com\/en\/casa-rural-prefabricada\/elprau_12\/\"><img decoding=\"async\" width=\"640\" height=\"360\" src=\"https:\/\/eurocasas.com\/wp-content\/uploads\/2025\/10\/ElPrau_12-1024x576.webp\" class=\"attachment-large size-large\" alt=\"\" srcset=\"https:\/\/eurocasas.com\/wp-content\/uploads\/2025\/10\/ElPrau_12-1024x576.webp 1024w, https:\/\/eurocasas.com\/wp-content\/uploads\/2025\/10\/ElPrau_12-300x169.webp 300w, https:\/\/eurocasas.com\/wp-content\/uploads\/2025\/10\/ElPrau_12-768x432.webp 768w, https:\/\/eurocasas.com\/wp-content\/uploads\/2025\/10\/ElPrau_12-18x10.webp 18w, https:\/\/eurocasas.com\/wp-content\/uploads\/2025\/10\/ElPrau_12-24x14.webp 24w, https:\/\/eurocasas.com\/wp-content\/uploads\/2025\/10\/ElPrau_12-36x20.webp 36w, https:\/\/eurocasas.com\/wp-content\/uploads\/2025\/10\/ElPrau_12-48x27.webp 48w, https:\/\/eurocasas.com\/wp-content\/uploads\/2025\/10\/ElPrau_12.webp 1200w\" sizes=\"(max-width: 640px) 100vw, 640px\" \/><\/a>\n\t\t\t<\/div><\/figure>\n\t\t<\/div>\n\n<h2 data-start=\"5258\" data-end=\"5313\"><\/h2>\n<h2 data-start=\"5258\" data-end=\"5313\">Eurocasa, tu socio en proyectos tur\u00edsticos rurales<\/h2>\n<p data-start=\"5315\" data-end=\"5623\">Si est\u00e1s pensando en desarrollar un alojamiento tur\u00edstico o una casa rural prefabricada, el equipo de Eurocasa puede ayudarte a dar el paso. Con m\u00e1s de 27 a\u00f1os de experiencia en construcci\u00f3n modular, la empresa ofrece acompa\u00f1amiento integral: <strong>dise\u00f1o, fabricaci\u00f3n, transporte, instalaci\u00f3n y postventa.<\/strong><\/p>\n<h3 data-start=\"6703\" data-end=\"6767\">\u00bfTe gustar\u00eda emprender con una casa rural prefabricada?<\/h3>\n<p data-start=\"6768\" data-end=\"6973\">Visita contacta con nuestro equipo para conocer c\u00f3mo podemos ayudarte a dise\u00f1ar, fabricar e instalar tu pr\u00f3xima casa prefabricada con todas las garant\u00edas.<\/p>\n<p data-start=\"6768\" data-end=\"6973\">\ud83d\udccd Vis\u00edtanos en nuestra exposici\u00f3n en Burgos o consulta todos nuestros proyectos en <a class=\"decorated-link\" href=\"https:\/\/eurocasas.com\/en\/\" target=\"_new\" rel=\"noopener\" data-start=\"5709\" data-end=\"5755\">www.eurocasas.com<\/a><br data-start=\"5755\" data-end=\"5758\" \/>\ud83d\udce7 <a class=\"decorated-link cursor-pointer\" rel=\"noopener\" data-start=\"5761\" data-end=\"5783\">contacto@eurocasas.com<\/a> | \u260e\ufe0f 947 473 074<\/p>","protected":false},"excerpt":{"rendered":"<p>Descubre c\u00f3mo un emprendedor c\u00e1ntabro y su familia transformaron un terreno en Ubiarco en un negocio tur\u00edstico rentable con una casa rural prefabricada de Eurocasa. Eficiencia, dise\u00f1o y rapidez en un proyecto que demuestra el potencial del turismo modular.<\/p>","protected":false},"author":1,"featured_media":41203,"comment_status":"closed","ping_status":"open","sticky":false,"template":"","format":"video","meta":{"footnotes":""},"categories":[311,61,309],"tags":[],"post_folder":[],"_links":{"self":[{"href":"https:\/\/eurocasas.com\/en\/wp-json\/wp\/v2\/posts\/41187"}],"collection":[{"href":"https:\/\/eurocasas.com\/en\/wp-json\/wp\/v2\/posts"}],"about":[{"href":"https:\/\/eurocasas.com\/en\/wp-json\/wp\/v2\/types\/post"}],"author":[{"embeddable":true,"href":"https:\/\/eurocasas.com\/en\/wp-json\/wp\/v2\/users\/1"}],"replies":[{"embeddable":true,"href":"https:\/\/eurocasas.com\/en\/wp-json\/wp\/v2\/comments?post=41187"}],"version-history":[{"count":9,"href":"https:\/\/eurocasas.com\/en\/wp-json\/wp\/v2\/posts\/41187\/revisions"}],"predecessor-version":[{"id":41212,"href":"https:\/\/eurocasas.com\/en\/wp-json\/wp\/v2\/posts\/41187\/revisions\/41212"}],"wp:featuredmedia":[{"embeddable":true,"href":"https:\/\/eurocasas.com\/en\/wp-json\/wp\/v2\/media\/41203"}],"wp:attachment":[{"href":"https:\/\/eurocasas.com\/en\/wp-json\/wp\/v2\/media?parent=41187"}],"wp:term":[{"taxonomy":"category","embeddable":true,"href":"https:\/\/eurocasas.com\/en\/wp-json\/wp\/v2\/categories?post=41187"},{"taxonomy":"post_tag","embeddable":true,"href":"https:\/\/eurocasas.com\/en\/wp-json\/wp\/v2\/tags?post=41187"},{"taxonomy":"post_folder","embeddable":true,"href":"https:\/\/eurocasas.com\/en\/wp-json\/wp\/v2\/post_folder?post=41187"}],"curies":[{"name":"wp","href":"https:\/\/api.w.org\/{rel}","templated":true}]}}