{"id":42367,"date":"2026-03-16T10:16:22","date_gmt":"2026-03-16T09:16:22","guid":{"rendered":"https:\/\/eurocasas.com\/?p=42367"},"modified":"2026-03-16T10:08:36","modified_gmt":"2026-03-16T09:08:36","slug":"feria-caravaning-madrid","status":"publish","type":"post","link":"https:\/\/eurocasas.com\/en\/feria-caravaning-madrid\/","title":{"rendered":"Grupo Eurocasa estar\u00e1 en la Feria Caravaning Madrid 2026"},"content":{"rendered":"<h1 data-start=\"414\" data-end=\"489\">Grupo Eurocasa estar\u00e1 en la Feria Caravaning Madrid 2026<\/h1>\n<h2 data-start=\"504\" data-end=\"607\"><strong data-start=\"504\" data-end=\"607\">Del 18 al 22 de marzo mostraremos nuestras soluciones para campings, resorts y alojamientos outdoor<\/strong><\/h2>\n<p data-start=\"349\" data-end=\"818\">La <a href=\"https:\/\/areasdemadrid.com\/\" target=\"_blank\" rel=\"noopener\"><strong data-start=\"812\" data-end=\"839\">Feria Caravaning Madrid<\/strong><\/a> ser\u00e1 el escenario perfecto para descubrir de cerca la propuesta de <strong data-start=\"907\" data-end=\"925\">Grupo Eurocasa<\/strong> para el sector del camping, el glamping y los alojamientos tur\u00edsticos al aire libre. Del <strong data-start=\"1015\" data-end=\"1044\">18 al 22 de marzo de 2026<\/strong>, en <strong data-start=\"1049\" data-end=\"1064\">intu Xanad\u00fa<\/strong>, estaremos presentes con <strong data-start=\"1090\" data-end=\"1111\">m\u00e1s de 20 modelos<\/strong> y con varias marcas del grupo, mostrando diferentes conceptos de alojamiento pensados para responder a las nuevas demandas del mercado outdoor con calidad, dise\u00f1o y confort.<\/p>\n<h2 data-section-id=\"kfa3n9\" data-start=\"1103\" data-end=\"1171\">La Feria Caravaning Madrid, una cita clave para el sector outdoor<\/h2>\n<p data-start=\"1173\" data-end=\"1648\">La feria se ha convertido en un escaparate de referencia para descubrir nuevas propuestas vinculadas al caravaning y al alojamiento tur\u00edstico al aire libre. Seg\u00fan la informaci\u00f3n publicada sobre esta edici\u00f3n, habr\u00e1 una amplia oferta de <strong data-start=\"1408\" data-end=\"1521\">autocaravanas, caravanas, minicaravanas, campers, <a href=\"https:\/\/eurocasas.com\/en\/mobil-homes\/\">mobil-homes<\/a>, bungalows, remolques tienda y tiendas de techo<\/strong>, adem\u00e1s de servicios relacionados con el alquiler, los viajes a medida y los accesorios<\/p>\n<h3 data-section-id=\"1hfc5n1\" data-start=\"1650\" data-end=\"1695\"><img decoding=\"async\" class=\"aligncenter wp-image-42368 size-medium\" src=\"https:\/\/eurocasas.com\/wp-content\/uploads\/2026\/03\/cartel_1-212x300.webp\" alt=\"Feria Caravaning Madrid - Grupo Eurocasa\" width=\"212\" height=\"300\" srcset=\"https:\/\/eurocasas.com\/wp-content\/uploads\/2026\/03\/cartel_1-212x300.webp 212w, https:\/\/eurocasas.com\/wp-content\/uploads\/2026\/03\/cartel_1-724x1024.webp 724w, https:\/\/eurocasas.com\/wp-content\/uploads\/2026\/03\/cartel_1-768x1086.webp 768w, https:\/\/eurocasas.com\/wp-content\/uploads\/2026\/03\/cartel_1-1086x1536.webp 1086w, https:\/\/eurocasas.com\/wp-content\/uploads\/2026\/03\/cartel_1-1448x2048.webp 1448w, https:\/\/eurocasas.com\/wp-content\/uploads\/2026\/03\/cartel_1-8x12.webp 8w, https:\/\/eurocasas.com\/wp-content\/uploads\/2026\/03\/cartel_1-17x24.webp 17w, https:\/\/eurocasas.com\/wp-content\/uploads\/2026\/03\/cartel_1-25x36.webp 25w, https:\/\/eurocasas.com\/wp-content\/uploads\/2026\/03\/cartel_1-34x48.webp 34w, https:\/\/eurocasas.com\/wp-content\/uploads\/2026\/03\/cartel_1-scaled.webp 1810w\" sizes=\"(max-width: 212px) 100vw, 212px\" \/>Un evento con gran capacidad de atracci\u00f3n<\/h3>\n<p data-start=\"1697\" data-end=\"2068\">La <strong data-start=\"1700\" data-end=\"1727\">Feria Caravaning Madrid<\/strong> no solo destaca por el tama\u00f1o de su exposici\u00f3n, sino tambi\u00e9n por su capacidad para reunir en un mismo espacio a empresas, operadores tur\u00edsticos y p\u00fablico final. La edici\u00f3n de 2026 contar\u00e1 con m\u00e1s empresas expositoras y una oferta m\u00e1s diversa, reforzando su papel como punto de encuentro para el sector.<\/p>\n<p data-start=\"1025\" data-end=\"1283\">La participaci\u00f3n de <strong data-start=\"1045\" data-end=\"1063\">Grupo Eurocasa<\/strong> en la <strong data-start=\"1070\" data-end=\"1097\">Feria Caravaning Madrid<\/strong> no solo representa nuestra presencia en uno de los encuentros m\u00e1s importantes del sector, sino tambi\u00e9n una oportunidad para mostrar la amplitud, la calidad y el valor de nuestra oferta.<\/p>\n<p data-start=\"1285\" data-end=\"1539\">Estaremos presentes con <strong data-start=\"1309\" data-end=\"1336\">varias marcas del grupo<\/strong>, cada una orientada a diferentes estilos de proyecto y niveles de producto, pero con un punto en com\u00fan: la apuesta por la calidad, el dise\u00f1o, el confort y una experiencia superior para el cliente final.<\/p>\n<h3 data-section-id=\"1fl0jny\" data-start=\"1541\" data-end=\"1590\">Varias marcas, una misma exigencia de calidad<\/h3>\n<div id='gallery-1' class='gallery galleryid-42367 gallery-columns-3 gallery-size-medium'><figure class='gallery-item'>\n\t\t\t<div class='gallery-icon landscape'>\n\t\t\t\t<a href=\"https:\/\/eurocasas.com\/en\/luxury700_3\/\"><img decoding=\"async\" width=\"300\" height=\"226\" src=\"https:\/\/eurocasas.com\/wp-content\/uploads\/2025\/06\/luxury700_3-300x226.webp\" class=\"attachment-medium size-medium\" alt=\"\" srcset=\"https:\/\/eurocasas.com\/wp-content\/uploads\/2025\/06\/luxury700_3-300x226.webp 300w, https:\/\/eurocasas.com\/wp-content\/uploads\/2025\/06\/luxury700_3-1024x771.webp 1024w, https:\/\/eurocasas.com\/wp-content\/uploads\/2025\/06\/luxury700_3-768x579.webp 768w, https:\/\/eurocasas.com\/wp-content\/uploads\/2025\/06\/luxury700_3-16x12.webp 16w, https:\/\/eurocasas.com\/wp-content\/uploads\/2025\/06\/luxury700_3-24x18.webp 24w, https:\/\/eurocasas.com\/wp-content\/uploads\/2025\/06\/luxury700_3-36x27.webp 36w, https:\/\/eurocasas.com\/wp-content\/uploads\/2025\/06\/luxury700_3-48x36.webp 48w, https:\/\/eurocasas.com\/wp-content\/uploads\/2025\/06\/luxury700_3.webp 1200w\" sizes=\"(max-width: 300px) 100vw, 300px\" \/><\/a>\n\t\t\t<\/div><\/figure><figure class='gallery-item'>\n\t\t\t<div class='gallery-icon landscape'>\n\t\t\t\t<a href=\"https:\/\/eurocasas.com\/en\/miamibeach863_bambu-14\/\"><img decoding=\"async\" width=\"300\" height=\"225\" src=\"https:\/\/eurocasas.com\/wp-content\/uploads\/2025\/06\/miamibeach863_bambu-14-300x225.webp\" class=\"attachment-medium size-medium\" alt=\"\" srcset=\"https:\/\/eurocasas.com\/wp-content\/uploads\/2025\/06\/miamibeach863_bambu-14-300x225.webp 300w, https:\/\/eurocasas.com\/wp-content\/uploads\/2025\/06\/miamibeach863_bambu-14-1024x768.webp 1024w, https:\/\/eurocasas.com\/wp-content\/uploads\/2025\/06\/miamibeach863_bambu-14-768x576.webp 768w, https:\/\/eurocasas.com\/wp-content\/uploads\/2025\/06\/miamibeach863_bambu-14-16x12.webp 16w, https:\/\/eurocasas.com\/wp-content\/uploads\/2025\/06\/miamibeach863_bambu-14-24x18.webp 24w, https:\/\/eurocasas.com\/wp-content\/uploads\/2025\/06\/miamibeach863_bambu-14-36x27.webp 36w, https:\/\/eurocasas.com\/wp-content\/uploads\/2025\/06\/miamibeach863_bambu-14-48x36.webp 48w, https:\/\/eurocasas.com\/wp-content\/uploads\/2025\/06\/miamibeach863_bambu-14.webp 1200w\" sizes=\"(max-width: 300px) 100vw, 300px\" \/><\/a>\n\t\t\t<\/div><\/figure><figure class='gallery-item'>\n\t\t\t<div class='gallery-icon landscape'>\n\t\t\t\t<a href=\"https:\/\/eurocasas.com\/en\/feria-caravaning-madrid\/miamibeach863_bambu-03\/\"><img decoding=\"async\" width=\"300\" height=\"226\" src=\"https:\/\/eurocasas.com\/wp-content\/uploads\/2025\/06\/miamibeach863_bambu-03--300x226.webp\" class=\"attachment-medium size-medium\" alt=\"\" srcset=\"https:\/\/eurocasas.com\/wp-content\/uploads\/2025\/06\/miamibeach863_bambu-03--300x226.webp 300w, https:\/\/eurocasas.com\/wp-content\/uploads\/2025\/06\/miamibeach863_bambu-03--1024x771.webp 1024w, https:\/\/eurocasas.com\/wp-content\/uploads\/2025\/06\/miamibeach863_bambu-03--768x579.webp 768w, https:\/\/eurocasas.com\/wp-content\/uploads\/2025\/06\/miamibeach863_bambu-03--16x12.webp 16w, https:\/\/eurocasas.com\/wp-content\/uploads\/2025\/06\/miamibeach863_bambu-03--24x18.webp 24w, https:\/\/eurocasas.com\/wp-content\/uploads\/2025\/06\/miamibeach863_bambu-03--36x27.webp 36w, https:\/\/eurocasas.com\/wp-content\/uploads\/2025\/06\/miamibeach863_bambu-03--48x36.webp 48w, https:\/\/eurocasas.com\/wp-content\/uploads\/2025\/06\/miamibeach863_bambu-03-.webp 1200w\" sizes=\"(max-width: 300px) 100vw, 300px\" \/><\/a>\n\t\t\t<\/div><\/figure>\n\t\t<\/div>\n\n<p data-start=\"1592\" data-end=\"1782\">Dentro de esta presencia destacar\u00e1n marcas como <strong data-start=\"1640\" data-end=\"1649\">Nidiy<\/strong> y <strong data-start=\"1652\" data-end=\"1662\">Luxury<\/strong>, propuestas que reflejan la capacidad de Grupo Eurocasa para adaptarse a distintas tipolog\u00edas de alojamiento tur\u00edstico.<\/p>\n<p data-start=\"1784\" data-end=\"1947\"><a href=\"http:\/\/nidifyhome.es\" target=\"_blank\" rel=\"noopener\"><strong data-start=\"1784\" data-end=\"1793\">Nidiy<\/strong> <\/a>representa una visi\u00f3n actual del alojamiento outdoor, con propuestas pensadas para proyectos que buscan innovaci\u00f3n, funcionalidad y una imagen atractiva.<\/p>\n<p data-start=\"1949\" data-end=\"2130\"><a href=\"http:\/\/luxurymobilhomes.com\" target=\"_blank\" rel=\"noopener\"><strong data-start=\"1949\" data-end=\"1959\">Luxury<\/strong><\/a>, por su parte, pone el foco en un concepto m\u00e1s exclusivo, orientado a proyectos premium que quieren ofrecer una experiencia diferencial, cuidada y de mayor valor a\u00f1adido.<\/p>\n<h2 data-section-id=\"1ecss8f\" data-start=\"2132\" data-end=\"2195\">El producto, gran protagonista en la Feria Caravaning Madrid<\/h2>\n<p data-start=\"2197\" data-end=\"2388\">En una feria como esta, el verdadero protagonista debe ser el producto. Porque cuando hablamos de alojamientos tur\u00edsticos, la calidad no se explica solo con palabras: se comprueba en directo.<\/p>\n<p data-start=\"2390\" data-end=\"2639\">La <strong data-start=\"2393\" data-end=\"2420\">Feria Caravaning Madrid<\/strong> permitir\u00e1 ver de cerca lo que realmente marca la diferencia en un alojamiento: los materiales, los acabados, la distribuci\u00f3n, la sensaci\u00f3n de amplitud, la comodidad interior y la imagen global que proyecta cada modelo.<\/p>\n<h3 data-section-id=\"pr5itb\" data-start=\"2641\" data-end=\"2678\">Ver, tocar y sentir la diferencia<\/h3>\n<p data-start=\"2680\" data-end=\"2843\">Uno de los mayores valores de nuestra presencia en feria es precisamente ese: permitir que visitantes y profesionales puedan <a href=\"https:\/\/www.instagram.com\/reel\/DVvVXCnCIUu\/?utm_source=ig_web_copy_link&amp;igsh=MzRlODBiNWFlZA==\" target=\"_blank\" rel=\"noopener\"><strong data-start=\"2805\" data-end=\"2842\">ver, tocar y sentir la diferencia<\/strong>.<\/a><\/p>\n<div id='gallery-2' class='gallery galleryid-42367 gallery-columns-4 gallery-size-medium'><figure class='gallery-item'>\n\t\t\t<div class='gallery-icon landscape'>\n\t\t\t\t<a href=\"https:\/\/eurocasas.com\/en\/borasuite800_-1\/\"><img decoding=\"async\" width=\"300\" height=\"200\" src=\"https:\/\/eurocasas.com\/wp-content\/uploads\/2025\/11\/BoraSuite800_-1-300x200.webp\" class=\"attachment-medium size-medium\" alt=\"\" srcset=\"https:\/\/eurocasas.com\/wp-content\/uploads\/2025\/11\/BoraSuite800_-1-300x200.webp 300w, https:\/\/eurocasas.com\/wp-content\/uploads\/2025\/11\/BoraSuite800_-1-1024x683.webp 1024w, https:\/\/eurocasas.com\/wp-content\/uploads\/2025\/11\/BoraSuite800_-1-768x512.webp 768w, https:\/\/eurocasas.com\/wp-content\/uploads\/2025\/11\/BoraSuite800_-1-18x12.webp 18w, https:\/\/eurocasas.com\/wp-content\/uploads\/2025\/11\/BoraSuite800_-1-24x16.webp 24w, https:\/\/eurocasas.com\/wp-content\/uploads\/2025\/11\/BoraSuite800_-1-36x24.webp 36w, https:\/\/eurocasas.com\/wp-content\/uploads\/2025\/11\/BoraSuite800_-1-48x32.webp 48w, https:\/\/eurocasas.com\/wp-content\/uploads\/2025\/11\/BoraSuite800_-1.webp 1200w\" sizes=\"(max-width: 300px) 100vw, 300px\" \/><\/a>\n\t\t\t<\/div><\/figure><figure class='gallery-item'>\n\t\t\t<div class='gallery-icon landscape'>\n\t\t\t\t<a href=\"https:\/\/eurocasas.com\/en\/noma1100_19\/\"><img decoding=\"async\" width=\"300\" height=\"200\" src=\"https:\/\/eurocasas.com\/wp-content\/uploads\/2025\/07\/noma1100_19-300x200.webp\" class=\"attachment-medium size-medium\" alt=\"\" srcset=\"https:\/\/eurocasas.com\/wp-content\/uploads\/2025\/07\/noma1100_19-300x200.webp 300w, https:\/\/eurocasas.com\/wp-content\/uploads\/2025\/07\/noma1100_19-1024x683.webp 1024w, https:\/\/eurocasas.com\/wp-content\/uploads\/2025\/07\/noma1100_19-768x512.webp 768w, https:\/\/eurocasas.com\/wp-content\/uploads\/2025\/07\/noma1100_19-18x12.webp 18w, https:\/\/eurocasas.com\/wp-content\/uploads\/2025\/07\/noma1100_19-24x16.webp 24w, https:\/\/eurocasas.com\/wp-content\/uploads\/2025\/07\/noma1100_19-36x24.webp 36w, https:\/\/eurocasas.com\/wp-content\/uploads\/2025\/07\/noma1100_19-48x32.webp 48w, https:\/\/eurocasas.com\/wp-content\/uploads\/2025\/07\/noma1100_19.webp 1200w\" sizes=\"(max-width: 300px) 100vw, 300px\" \/><\/a>\n\t\t\t<\/div><\/figure><figure class='gallery-item'>\n\t\t\t<div class='gallery-icon landscape'>\n\t\t\t\t<a href=\"https:\/\/eurocasas.com\/en\/nidify-serie-e-bora-bora-double-863-coleccion-2025\/boradouble863nature_2\/\"><img decoding=\"async\" width=\"300\" height=\"250\" src=\"https:\/\/eurocasas.com\/wp-content\/uploads\/2025\/06\/boradouble863nature_2-300x250.webp\" class=\"attachment-medium size-medium\" alt=\"\" srcset=\"https:\/\/eurocasas.com\/wp-content\/uploads\/2025\/06\/boradouble863nature_2-300x250.webp 300w, https:\/\/eurocasas.com\/wp-content\/uploads\/2025\/06\/boradouble863nature_2-1024x853.webp 1024w, https:\/\/eurocasas.com\/wp-content\/uploads\/2025\/06\/boradouble863nature_2-768x640.webp 768w, https:\/\/eurocasas.com\/wp-content\/uploads\/2025\/06\/boradouble863nature_2-14x12.webp 14w, https:\/\/eurocasas.com\/wp-content\/uploads\/2025\/06\/boradouble863nature_2-24x20.webp 24w, https:\/\/eurocasas.com\/wp-content\/uploads\/2025\/06\/boradouble863nature_2-36x30.webp 36w, https:\/\/eurocasas.com\/wp-content\/uploads\/2025\/06\/boradouble863nature_2-48x40.webp 48w, https:\/\/eurocasas.com\/wp-content\/uploads\/2025\/06\/boradouble863nature_2.webp 1080w\" sizes=\"(max-width: 300px) 100vw, 300px\" \/><\/a>\n\t\t\t<\/div><\/figure><figure class='gallery-item'>\n\t\t\t<div class='gallery-icon landscape'>\n\t\t\t\t<a href=\"https:\/\/eurocasas.com\/en\/bora-bora-766-coleccion-2025\/bora-bora-766_bambu_2\/\"><img decoding=\"async\" width=\"300\" height=\"250\" src=\"https:\/\/eurocasas.com\/wp-content\/uploads\/2025\/06\/Bora-Bora-766_bambu_2-300x250.webp\" class=\"attachment-medium size-medium\" alt=\"\" srcset=\"https:\/\/eurocasas.com\/wp-content\/uploads\/2025\/06\/Bora-Bora-766_bambu_2-300x250.webp 300w, https:\/\/eurocasas.com\/wp-content\/uploads\/2025\/06\/Bora-Bora-766_bambu_2-1024x853.webp 1024w, https:\/\/eurocasas.com\/wp-content\/uploads\/2025\/06\/Bora-Bora-766_bambu_2-768x640.webp 768w, https:\/\/eurocasas.com\/wp-content\/uploads\/2025\/06\/Bora-Bora-766_bambu_2-14x12.webp 14w, https:\/\/eurocasas.com\/wp-content\/uploads\/2025\/06\/Bora-Bora-766_bambu_2-24x20.webp 24w, https:\/\/eurocasas.com\/wp-content\/uploads\/2025\/06\/Bora-Bora-766_bambu_2-36x30.webp 36w, https:\/\/eurocasas.com\/wp-content\/uploads\/2025\/06\/Bora-Bora-766_bambu_2-48x40.webp 48w, https:\/\/eurocasas.com\/wp-content\/uploads\/2025\/06\/Bora-Bora-766_bambu_2.webp 1080w\" sizes=\"(max-width: 300px) 100vw, 300px\" \/><\/a>\n\t\t\t<\/div><\/figure>\n\t\t<\/div>\n\n<p data-start=\"2845\" data-end=\"3119\">No es lo mismo imaginar un alojamiento que recorrerlo en persona. Entrar en \u00e9l, observar c\u00f3mo est\u00e1n resueltos sus espacios y percibir su nivel de acabado permite entender mejor el valor real del producto y todo lo que puede aportar a un camping, resort o proyecto tur\u00edstico.<\/p>\n<h2 data-section-id=\"oiedrw\" data-start=\"3121\" data-end=\"3169\">Soluciones para campings, glampings y resorts<\/h2>\n<p data-start=\"3171\" data-end=\"3409\">La presencia de varias marcas del grupo en la <strong data-start=\"3217\" data-end=\"3244\">Feria Caravaning Madrid<\/strong> tambi\u00e9n refuerza una idea clave: en Grupo Eurocasa podemos responder a distintos tipos de proyecto, desde propuestas m\u00e1s funcionales hasta conceptos m\u00e1s exclusivos.<\/p>\n<p data-start=\"3411\" data-end=\"3659\">Esto resulta especialmente importante en un mercado donde los operadores tur\u00edsticos buscan cada vez m\u00e1s alojamientos capaces de diferenciar su oferta, elevar la experiencia del hu\u00e9sped y aportar una imagen m\u00e1s s\u00f3lida y atractiva al establecimiento.<\/p>\n<h3 data-section-id=\"1esjt82\" data-start=\"3661\" data-end=\"3705\">Una propuesta m\u00e1s amplia y con m\u00e1s valor<\/h3>\n<p data-start=\"3707\" data-end=\"3987\">Mostrar varias marcas en feria permite trasladar una imagen de grupo m\u00e1s fuerte, con m\u00e1s recursos, m\u00e1s posibilidades y una oferta m\u00e1s completa. No se trata solo de exhibir modelos, sino de mostrar una forma de entender el alojamiento outdoor desde la calidad y la especializaci\u00f3n.<\/p>\n<p data-start=\"3989\" data-end=\"4255\">Por eso, nuestra presencia en la <strong data-start=\"4022\" data-end=\"4049\">Feria Caravaning Madrid<\/strong> ser\u00e1 una gran ocasi\u00f3n para descubrir c\u00f3mo diferentes marcas del grupo pueden adaptarse a distintas necesidades sin renunciar a una misma filosof\u00eda: crear alojamientos con identidad, confort y calidad real.<\/p>\n<h2 data-section-id=\"bedc8j\" data-start=\"4257\" data-end=\"4306\">Ven a descubrir la propuesta de Grupo Eurocasa<\/h2>\n<p data-start=\"4308\" data-end=\"4545\">Del <strong data-start=\"4312\" data-end=\"4333\">18 al 22 de marzo<\/strong>, en <strong data-start=\"4338\" data-end=\"4353\">intu Xanad\u00fa<\/strong>, Grupo Eurocasa mostrar\u00e1 en la <strong data-start=\"4385\" data-end=\"4412\">Feria Caravaning Madrid<\/strong> una propuesta m\u00e1s amplia, m\u00e1s s\u00f3lida y m\u00e1s orientada al valor del producto, con varias marcas del grupo como <strong data-start=\"4522\" data-end=\"4531\">Nidiy<\/strong> y <strong data-start=\"4534\" data-end=\"4544\">Luxury<\/strong>.<\/p>\n<p data-start=\"4547\" data-end=\"4771\">Una oportunidad para que profesionales y visitantes descubran en persona diferentes soluciones para el sector outdoor y comprueben c\u00f3mo la calidad, el dise\u00f1o y el confort pueden marcar la diferencia en un proyecto tur\u00edstico.<\/p>\n<p data-start=\"4773\" data-end=\"4852\"><strong data-start=\"4773\" data-end=\"4852\">Te esperamos para que descubras, compares y sientas la diferencia Eurocasa.<\/strong><\/p>","protected":false},"excerpt":{"rendered":"<p>Grupo Eurocasa participa en la Feria Caravaning Madrid 2026 del 18 al 22 de marzo en intu Xanad\u00fa. Descubre alojamientos outdoor de alta calidad y siente la diferencia Eurocasa.<\/p>","protected":false},"author":1,"featured_media":42414,"comment_status":"closed","ping_status":"open","sticky":false,"template":"","format":"image","meta":{"footnotes":""},"categories":[306,61],"tags":[],"post_folder":[],"_links":{"self":[{"href":"https:\/\/eurocasas.com\/en\/wp-json\/wp\/v2\/posts\/42367"}],"collection":[{"href":"https:\/\/eurocasas.com\/en\/wp-json\/wp\/v2\/posts"}],"about":[{"href":"https:\/\/eurocasas.com\/en\/wp-json\/wp\/v2\/types\/post"}],"author":[{"embeddable":true,"href":"https:\/\/eurocasas.com\/en\/wp-json\/wp\/v2\/users\/1"}],"replies":[{"embeddable":true,"href":"https:\/\/eurocasas.com\/en\/wp-json\/wp\/v2\/comments?post=42367"}],"version-history":[{"count":1,"href":"https:\/\/eurocasas.com\/en\/wp-json\/wp\/v2\/posts\/42367\/revisions"}],"predecessor-version":[{"id":42369,"href":"https:\/\/eurocasas.com\/en\/wp-json\/wp\/v2\/posts\/42367\/revisions\/42369"}],"wp:featuredmedia":[{"embeddable":true,"href":"https:\/\/eurocasas.com\/en\/wp-json\/wp\/v2\/media\/42414"}],"wp:attachment":[{"href":"https:\/\/eurocasas.com\/en\/wp-json\/wp\/v2\/media?parent=42367"}],"wp:term":[{"taxonomy":"category","embeddable":true,"href":"https:\/\/eurocasas.com\/en\/wp-json\/wp\/v2\/categories?post=42367"},{"taxonomy":"post_tag","embeddable":true,"href":"https:\/\/eurocasas.com\/en\/wp-json\/wp\/v2\/tags?post=42367"},{"taxonomy":"post_folder","embeddable":true,"href":"https:\/\/eurocasas.com\/en\/wp-json\/wp\/v2\/post_folder?post=42367"}],"curies":[{"name":"wp","href":"https:\/\/api.w.org\/{rel}","templated":true}]}}